
{"id":1031,"date":"2026-06-18T01:43:15","date_gmt":"2026-06-18T01:43:15","guid":{"rendered":"https:\/\/destacado.com.mx\/?p=1031"},"modified":"2026-06-18T01:43:26","modified_gmt":"2026-06-18T01:43:26","slug":"enrique-galindo-deja-crecer-focos-de-riesgo-y-la-violencia-alcanza-a-las-colonias-de-la-capital","status":"publish","type":"post","link":"https:\/\/destacado.com.mx\/index.php\/2026\/06\/18\/enrique-galindo-deja-crecer-focos-de-riesgo-y-la-violencia-alcanza-a-las-colonias-de-la-capital\/","title":{"rendered":"Enrique Galindo deja crecer focos de riesgo y la violencia alcanza a las colonias de la capital"},"content":{"rendered":"<p data-start=\"2299\" data-end=\"2513\">La balacera registrada en una casa de avenida Himno Nacional volvi\u00f3 a poner bajo cuestionamiento la capacidad del gobierno de Enrique Galindo Ceballos para atender denuncias ciudadanas y prevenir hechos delictivos.<\/p>\n<p data-start=\"2515\" data-end=\"2717\">Habitantes de la zona aseguran que durante a\u00f1os solicitaron atenci\u00f3n de las autoridades ante los movimientos sospechosos que ocurr\u00edan en el inmueble, pero sus reportes fueron ignorados sistem\u00e1ticamente.<\/p>\n<p data-start=\"2719\" data-end=\"2893\">La falta de respuesta permiti\u00f3 que el problema avanzara hasta convertirse en un riesgo para toda la comunidad, que hoy enfrenta las consecuencias de la omisi\u00f3n institucional.<\/p>\n<p data-start=\"2895\" data-end=\"3103\">La situaci\u00f3n alimenta la percepci\u00f3n de que la administraci\u00f3n municipal act\u00faa \u00fanicamente cuando los hechos violentos ya ocurrieron, dejando de lado la prevenci\u00f3n y la atenci\u00f3n oportuna que exige la ciudadan\u00eda.<\/p>\n","protected":false},"excerpt":{"rendered":"<p>La balacera registrada en una casa de avenida Himno Nacional volvi\u00f3 a poner bajo cuestionamiento la capacidad del gobierno de Enrique Galindo Ceballos para atender denuncias ciudadanas y prevenir hechos delictivos. Habitantes de la zona aseguran que durante a\u00f1os solicitaron atenci\u00f3n de las autoridades ante los movimientos sospechosos que ocurr\u00edan en el inmueble, pero sus [&hellip;]<\/p>\n","protected":false},"author":4,"featured_media":1025,"comment_status":"open","ping_status":"open","sticky":false,"template":"","format":"standard","meta":{"footnotes":""},"categories":[13],"tags":[],"class_list":["post-1031","post","type-post","status-publish","format-standard","has-post-thumbnail","hentry","category-politica"],"_links":{"self":[{"href":"https:\/\/destacado.com.mx\/index.php\/wp-json\/wp\/v2\/posts\/1031","targetHints":{"allow":["GET"]}}],"collection":[{"href":"https:\/\/destacado.com.mx\/index.php\/wp-json\/wp\/v2\/posts"}],"about":[{"href":"https:\/\/destacado.com.mx\/index.php\/wp-json\/wp\/v2\/types\/post"}],"author":[{"embeddable":true,"href":"https:\/\/destacado.com.mx\/index.php\/wp-json\/wp\/v2\/users\/4"}],"replies":[{"embeddable":true,"href":"https:\/\/destacado.com.mx\/index.php\/wp-json\/wp\/v2\/comments?post=1031"}],"version-history":[{"count":2,"href":"https:\/\/destacado.com.mx\/index.php\/wp-json\/wp\/v2\/posts\/1031\/revisions"}],"predecessor-version":[{"id":1034,"href":"https:\/\/destacado.com.mx\/index.php\/wp-json\/wp\/v2\/posts\/1031\/revisions\/1034"}],"wp:featuredmedia":[{"embeddable":true,"href":"https:\/\/destacado.com.mx\/index.php\/wp-json\/wp\/v2\/media\/1025"}],"wp:attachment":[{"href":"https:\/\/destacado.com.mx\/index.php\/wp-json\/wp\/v2\/media?parent=1031"}],"wp:term":[{"taxonomy":"category","embeddable":true,"href":"https:\/\/destacado.com.mx\/index.php\/wp-json\/wp\/v2\/categories?post=1031"},{"taxonomy":"post_tag","embeddable":true,"href":"https:\/\/destacado.com.mx\/index.php\/wp-json\/wp\/v2\/tags?post=1031"}],"curies":[{"name":"wp","href":"https:\/\/api.w.org\/{rel}","templated":true}]}}