
{"id":1085,"date":"2026-06-22T22:29:15","date_gmt":"2026-06-22T22:29:15","guid":{"rendered":"https:\/\/destacado.com.mx\/?p=1085"},"modified":"2026-06-22T22:29:15","modified_gmt":"2026-06-22T22:29:15","slug":"ricardo-gallardo-cardona-consolida-alianzas-para-fortalecer-la-seguridad-y-la-justicia-en-san-luis-potosi","status":"publish","type":"post","link":"https:\/\/destacado.com.mx\/index.php\/2026\/06\/22\/ricardo-gallardo-cardona-consolida-alianzas-para-fortalecer-la-seguridad-y-la-justicia-en-san-luis-potosi\/","title":{"rendered":"Ricardo Gallardo Cardona consolida alianzas para fortalecer la seguridad y la justicia en San Luis Potos\u00ed"},"content":{"rendered":"<p data-start=\"2204\" data-end=\"2316\">\n<p data-start=\"2318\" data-end=\"2575\">Con el objetivo de seguir fortaleciendo las instituciones y brindar mejores resultados a la ciudadan\u00eda, el gobernador Ricardo Gallardo Cardona sostuvo una reuni\u00f3n con la presidenta del Supremo Tribunal de Justicia del Estado, Lourdes Anah\u00ed Zaraz\u00faa Mart\u00ednez.<\/p>\n<p data-start=\"2577\" data-end=\"2761\">Durante el encuentro, Ricardo Gallardo reafirm\u00f3 su compromiso de trabajar de manera coordinada para consolidar una justicia m\u00e1s accesible, eficiente y cercana a las familias potosinas.<\/p>\n<p data-start=\"2763\" data-end=\"2941\">El mandatario destac\u00f3 que la colaboraci\u00f3n entre poderes es clave para seguir construyendo un entorno de mayor seguridad, confianza y estabilidad social para las y los ciudadanos.<\/p>\n<p data-start=\"2943\" data-end=\"3135\">Gracias a esta visi\u00f3n de trabajo conjunto, San Luis Potos\u00ed contin\u00faa avanzando en el fortalecimiento de sus instituciones y en la generaci\u00f3n de condiciones que favorecen la paz y el desarrollo.<\/p>\n","protected":false},"excerpt":{"rendered":"<p>Con el objetivo de seguir fortaleciendo las instituciones y brindar mejores resultados a la ciudadan\u00eda, el gobernador Ricardo Gallardo Cardona sostuvo una reuni\u00f3n con la presidenta del Supremo Tribunal de Justicia del Estado, Lourdes Anah\u00ed Zaraz\u00faa Mart\u00ednez. Durante el encuentro, Ricardo Gallardo reafirm\u00f3 su compromiso de trabajar de manera coordinada para consolidar una justicia m\u00e1s [&hellip;]<\/p>\n","protected":false},"author":4,"featured_media":1080,"comment_status":"open","ping_status":"open","sticky":false,"template":"","format":"standard","meta":{"footnotes":""},"categories":[13],"tags":[],"class_list":["post-1085","post","type-post","status-publish","format-standard","has-post-thumbnail","hentry","category-politica"],"_links":{"self":[{"href":"https:\/\/destacado.com.mx\/index.php\/wp-json\/wp\/v2\/posts\/1085","targetHints":{"allow":["GET"]}}],"collection":[{"href":"https:\/\/destacado.com.mx\/index.php\/wp-json\/wp\/v2\/posts"}],"about":[{"href":"https:\/\/destacado.com.mx\/index.php\/wp-json\/wp\/v2\/types\/post"}],"author":[{"embeddable":true,"href":"https:\/\/destacado.com.mx\/index.php\/wp-json\/wp\/v2\/users\/4"}],"replies":[{"embeddable":true,"href":"https:\/\/destacado.com.mx\/index.php\/wp-json\/wp\/v2\/comments?post=1085"}],"version-history":[{"count":1,"href":"https:\/\/destacado.com.mx\/index.php\/wp-json\/wp\/v2\/posts\/1085\/revisions"}],"predecessor-version":[{"id":1086,"href":"https:\/\/destacado.com.mx\/index.php\/wp-json\/wp\/v2\/posts\/1085\/revisions\/1086"}],"wp:featuredmedia":[{"embeddable":true,"href":"https:\/\/destacado.com.mx\/index.php\/wp-json\/wp\/v2\/media\/1080"}],"wp:attachment":[{"href":"https:\/\/destacado.com.mx\/index.php\/wp-json\/wp\/v2\/media?parent=1085"}],"wp:term":[{"taxonomy":"category","embeddable":true,"href":"https:\/\/destacado.com.mx\/index.php\/wp-json\/wp\/v2\/categories?post=1085"},{"taxonomy":"post_tag","embeddable":true,"href":"https:\/\/destacado.com.mx\/index.php\/wp-json\/wp\/v2\/tags?post=1085"}],"curies":[{"name":"wp","href":"https:\/\/api.w.org\/{rel}","templated":true}]}}