
{"id":1090,"date":"2026-06-24T02:57:19","date_gmt":"2026-06-24T02:57:19","guid":{"rendered":"https:\/\/destacado.com.mx\/?p=1090"},"modified":"2026-06-24T02:57:19","modified_gmt":"2026-06-24T02:57:19","slug":"legisladores-advierten-que-protesta-fue-utilizada-para-fines-electorales-y-senalan-entorno-de-galindo","status":"publish","type":"post","link":"https:\/\/destacado.com.mx\/index.php\/2026\/06\/24\/legisladores-advierten-que-protesta-fue-utilizada-para-fines-electorales-y-senalan-entorno-de-galindo\/","title":{"rendered":"Legisladores advierten que protesta fue utilizada para fines electorales y se\u00f1alan entorno de Galindo"},"content":{"rendered":"<p data-start=\"2212\" data-end=\"2320\">\n<p data-start=\"2322\" data-end=\"2588\">La violencia registrada durante la marcha contra la denominada \u00abLey Serrano\u00bb provoc\u00f3 una fuerte reacci\u00f3n en el Congreso del Estado, donde diputados de distintas bancadas advirtieron la presencia de actores pol\u00edticos que habr\u00edan intentado capitalizar la movilizaci\u00f3n.<\/p>\n<p data-start=\"2590\" data-end=\"2866\">El diputado Carlos Artemio Arreola Mallol se\u00f1al\u00f3 que durante la protesta participaron personajes vinculados al PAN, PRI y al entorno pol\u00edtico de la administraci\u00f3n municipal capitalina, quienes estar\u00edan buscando posicionarse con miras a la pr\u00f3xima contienda por la gubernatura.<\/p>\n<p data-start=\"2868\" data-end=\"3120\">Por su parte, el legislador Luis Fernando G\u00e1mez acus\u00f3 directamente al alcalde Enrique Galindo de utilizar la movilizaci\u00f3n como una plataforma para fortalecer su proyecto pol\u00edtico, se\u00f1alamiento que elev\u00f3 la confrontaci\u00f3n pol\u00edtica derivada de los hechos.<\/p>\n<p data-start=\"3122\" data-end=\"3322\">La pol\u00e9mica crece porque la protesta termin\u00f3 con da\u00f1os materiales al Congreso y agresiones contra personal de la instituci\u00f3n, hechos que han sido ampliamente condenados por diversas fuerzas pol\u00edticas.<\/p>\n","protected":false},"excerpt":{"rendered":"<p>La violencia registrada durante la marcha contra la denominada \u00abLey Serrano\u00bb provoc\u00f3 una fuerte reacci\u00f3n en el Congreso del Estado, donde diputados de distintas bancadas advirtieron la presencia de actores pol\u00edticos que habr\u00edan intentado capitalizar la movilizaci\u00f3n. El diputado Carlos Artemio Arreola Mallol se\u00f1al\u00f3 que durante la protesta participaron personajes vinculados al PAN, PRI y [&hellip;]<\/p>\n","protected":false},"author":4,"featured_media":1091,"comment_status":"open","ping_status":"open","sticky":false,"template":"","format":"standard","meta":{"footnotes":""},"categories":[13],"tags":[],"class_list":["post-1090","post","type-post","status-publish","format-standard","has-post-thumbnail","hentry","category-politica"],"_links":{"self":[{"href":"https:\/\/destacado.com.mx\/index.php\/wp-json\/wp\/v2\/posts\/1090","targetHints":{"allow":["GET"]}}],"collection":[{"href":"https:\/\/destacado.com.mx\/index.php\/wp-json\/wp\/v2\/posts"}],"about":[{"href":"https:\/\/destacado.com.mx\/index.php\/wp-json\/wp\/v2\/types\/post"}],"author":[{"embeddable":true,"href":"https:\/\/destacado.com.mx\/index.php\/wp-json\/wp\/v2\/users\/4"}],"replies":[{"embeddable":true,"href":"https:\/\/destacado.com.mx\/index.php\/wp-json\/wp\/v2\/comments?post=1090"}],"version-history":[{"count":1,"href":"https:\/\/destacado.com.mx\/index.php\/wp-json\/wp\/v2\/posts\/1090\/revisions"}],"predecessor-version":[{"id":1093,"href":"https:\/\/destacado.com.mx\/index.php\/wp-json\/wp\/v2\/posts\/1090\/revisions\/1093"}],"wp:featuredmedia":[{"embeddable":true,"href":"https:\/\/destacado.com.mx\/index.php\/wp-json\/wp\/v2\/media\/1091"}],"wp:attachment":[{"href":"https:\/\/destacado.com.mx\/index.php\/wp-json\/wp\/v2\/media?parent=1090"}],"wp:term":[{"taxonomy":"category","embeddable":true,"href":"https:\/\/destacado.com.mx\/index.php\/wp-json\/wp\/v2\/categories?post=1090"},{"taxonomy":"post_tag","embeddable":true,"href":"https:\/\/destacado.com.mx\/index.php\/wp-json\/wp\/v2\/tags?post=1090"}],"curies":[{"name":"wp","href":"https:\/\/api.w.org\/{rel}","templated":true}]}}