
{"id":1127,"date":"2026-06-27T02:57:10","date_gmt":"2026-06-27T02:57:10","guid":{"rendered":"https:\/\/destacado.com.mx\/?p=1127"},"modified":"2026-06-27T02:57:10","modified_gmt":"2026-06-27T02:57:10","slug":"senalan-montaje-politico-en-bloqueo-por-agua-roxana-y-grupo-de-zumaya-en-el-centro-de-la-controversia","status":"publish","type":"post","link":"https:\/\/destacado.com.mx\/index.php\/2026\/06\/27\/senalan-montaje-politico-en-bloqueo-por-agua-roxana-y-grupo-de-zumaya-en-el-centro-de-la-controversia\/","title":{"rendered":"Se\u00f1alan montaje pol\u00edtico en bloqueo por agua; Roxana y grupo de Zumaya, en el centro de la controversia"},"content":{"rendered":"<p class=\"PDq2pG_selectionAnchorContainer\" data-start=\"2042\" data-end=\"2152\">\n<p data-start=\"2154\" data-end=\"2375\">La manifestaci\u00f3n registrada este viernes en Soledad de Graciano S\u00e1nchez tom\u00f3 un giro pol\u00edtico luego de que se se\u00f1alara la participaci\u00f3n de actores vinculados a Morena y al empresario <span class=\"hover:entity-accent entity-underline inline cursor-pointer align-baseline\"><span class=\"whitespace-normal\">Gerardo S\u00e1nchez Zumaya<\/span><\/span>.<\/p>\n<p data-start=\"2377\" data-end=\"2588\">De acuerdo con las acusaciones, <span class=\"hover:entity-accent entity-underline inline cursor-pointer align-baseline\"><span class=\"whitespace-normal\">Roxana Herrera Hern\u00e1ndez<\/span><\/span> habr\u00eda promovido la movilizaci\u00f3n, pese a que los participantes se\u00f1alados no ser\u00edan habitantes de las colonias afectadas por la falta de agua.<\/p>\n<p data-start=\"2590\" data-end=\"2860\">Mientras el bloqueo gener\u00f3 afectaciones a la circulaci\u00f3n, autoridades municipales sostienen que el problema ha sido atendido mediante acciones emergentes como el env\u00edo de pipas y trabajos de rehabilitaci\u00f3n de pozos, aunque el servicio corresponde legalmente a Interapas.<\/p>\n<p data-start=\"2862\" data-end=\"2986\">La situaci\u00f3n increment\u00f3 las cr\u00edticas sobre la utilizaci\u00f3n de demandas ciudadanas para impulsar agendas de car\u00e1cter pol\u00edtico.<\/p>\n","protected":false},"excerpt":{"rendered":"<p>La manifestaci\u00f3n registrada este viernes en Soledad de Graciano S\u00e1nchez tom\u00f3 un giro pol\u00edtico luego de que se se\u00f1alara la participaci\u00f3n de actores vinculados a Morena y al empresario Gerardo S\u00e1nchez Zumaya. De acuerdo con las acusaciones, Roxana Herrera Hern\u00e1ndez habr\u00eda promovido la movilizaci\u00f3n, pese a que los participantes se\u00f1alados no ser\u00edan habitantes de las [&hellip;]<\/p>\n","protected":false},"author":4,"featured_media":1123,"comment_status":"open","ping_status":"open","sticky":false,"template":"","format":"standard","meta":{"footnotes":""},"categories":[13],"tags":[],"class_list":["post-1127","post","type-post","status-publish","format-standard","has-post-thumbnail","hentry","category-politica"],"_links":{"self":[{"href":"https:\/\/destacado.com.mx\/index.php\/wp-json\/wp\/v2\/posts\/1127","targetHints":{"allow":["GET"]}}],"collection":[{"href":"https:\/\/destacado.com.mx\/index.php\/wp-json\/wp\/v2\/posts"}],"about":[{"href":"https:\/\/destacado.com.mx\/index.php\/wp-json\/wp\/v2\/types\/post"}],"author":[{"embeddable":true,"href":"https:\/\/destacado.com.mx\/index.php\/wp-json\/wp\/v2\/users\/4"}],"replies":[{"embeddable":true,"href":"https:\/\/destacado.com.mx\/index.php\/wp-json\/wp\/v2\/comments?post=1127"}],"version-history":[{"count":1,"href":"https:\/\/destacado.com.mx\/index.php\/wp-json\/wp\/v2\/posts\/1127\/revisions"}],"predecessor-version":[{"id":1128,"href":"https:\/\/destacado.com.mx\/index.php\/wp-json\/wp\/v2\/posts\/1127\/revisions\/1128"}],"wp:featuredmedia":[{"embeddable":true,"href":"https:\/\/destacado.com.mx\/index.php\/wp-json\/wp\/v2\/media\/1123"}],"wp:attachment":[{"href":"https:\/\/destacado.com.mx\/index.php\/wp-json\/wp\/v2\/media?parent=1127"}],"wp:term":[{"taxonomy":"category","embeddable":true,"href":"https:\/\/destacado.com.mx\/index.php\/wp-json\/wp\/v2\/categories?post=1127"},{"taxonomy":"post_tag","embeddable":true,"href":"https:\/\/destacado.com.mx\/index.php\/wp-json\/wp\/v2\/tags?post=1127"}],"curies":[{"name":"wp","href":"https:\/\/api.w.org\/{rel}","templated":true}]}}