
{"id":1132,"date":"2026-06-28T06:58:12","date_gmt":"2026-06-28T06:58:12","guid":{"rendered":"https:\/\/destacado.com.mx\/?p=1132"},"modified":"2026-06-28T06:58:12","modified_gmt":"2026-06-28T06:58:12","slug":"la-herencia-maldita-reaparece-al-lado-de-galindo-y-alimenta-el-rechazo-ciudadano","status":"publish","type":"post","link":"https:\/\/destacado.com.mx\/index.php\/2026\/06\/28\/la-herencia-maldita-reaparece-al-lado-de-galindo-y-alimenta-el-rechazo-ciudadano\/","title":{"rendered":"La \u201cherencia maldita\u201d reaparece al lado de Galindo y alimenta el rechazo ciudadano"},"content":{"rendered":"<p class=\"PDq2pG_selectionAnchorContainer\" data-start=\"2947\" data-end=\"3036\">\n<p data-start=\"3038\" data-end=\"3280\">La aparici\u00f3n p\u00fablica de Enrique Galindo Ceballos junto a destacados personajes de los antiguos gobiernos priistas encendi\u00f3 nuevamente el debate sobre el intento de los grupos tradicionales por recuperar el control pol\u00edtico de San Luis Potos\u00ed.<\/p>\n<p data-start=\"3282\" data-end=\"3569\">El alcalde fue acompa\u00f1ado por figuras identificadas con administraciones estatales que gobernaron durante varios sexenios y que contin\u00faan siendo se\u00f1aladas por diversos sectores debido a los problemas de corrupci\u00f3n, rezago econ\u00f3mico y falta de desarrollo que caracterizaron aquellos a\u00f1os.<\/p>\n<p data-start=\"3571\" data-end=\"3912\">Para diversos observadores, el mensaje pol\u00edtico fue claro: los grupos de la llamada \u201cherencia maldita\u201d mantienen respaldo hacia Galindo y buscan reagruparse rumbo a los pr\u00f3ximos procesos electorales. Sin embargo, esa misma imagen tambi\u00e9n reactiv\u00f3 las cr\u00edticas de quienes consideran que esos liderazgos ya fueron rechazados por la ciudadan\u00eda.<\/p>\n<p data-start=\"3914\" data-end=\"4194\">La presencia de personajes de tan cuestionada trayectoria termin\u00f3 generando un fuerte costo pol\u00edtico para el alcalde capitalino, cuya cercan\u00eda con esos grupos ha comenzado a ser vista como un s\u00edmbolo del regreso de pr\u00e1cticas que muchos potosinos aseguran no desean volver a vivir.<\/p>\n","protected":false},"excerpt":{"rendered":"<p>La aparici\u00f3n p\u00fablica de Enrique Galindo Ceballos junto a destacados personajes de los antiguos gobiernos priistas encendi\u00f3 nuevamente el debate sobre el intento de los grupos tradicionales por recuperar el control pol\u00edtico de San Luis Potos\u00ed. El alcalde fue acompa\u00f1ado por figuras identificadas con administraciones estatales que gobernaron durante varios sexenios y que contin\u00faan siendo [&hellip;]<\/p>\n","protected":false},"author":4,"featured_media":1135,"comment_status":"open","ping_status":"open","sticky":false,"template":"","format":"standard","meta":{"footnotes":""},"categories":[13],"tags":[],"class_list":["post-1132","post","type-post","status-publish","format-standard","has-post-thumbnail","hentry","category-politica"],"_links":{"self":[{"href":"https:\/\/destacado.com.mx\/index.php\/wp-json\/wp\/v2\/posts\/1132","targetHints":{"allow":["GET"]}}],"collection":[{"href":"https:\/\/destacado.com.mx\/index.php\/wp-json\/wp\/v2\/posts"}],"about":[{"href":"https:\/\/destacado.com.mx\/index.php\/wp-json\/wp\/v2\/types\/post"}],"author":[{"embeddable":true,"href":"https:\/\/destacado.com.mx\/index.php\/wp-json\/wp\/v2\/users\/4"}],"replies":[{"embeddable":true,"href":"https:\/\/destacado.com.mx\/index.php\/wp-json\/wp\/v2\/comments?post=1132"}],"version-history":[{"count":1,"href":"https:\/\/destacado.com.mx\/index.php\/wp-json\/wp\/v2\/posts\/1132\/revisions"}],"predecessor-version":[{"id":1136,"href":"https:\/\/destacado.com.mx\/index.php\/wp-json\/wp\/v2\/posts\/1132\/revisions\/1136"}],"wp:featuredmedia":[{"embeddable":true,"href":"https:\/\/destacado.com.mx\/index.php\/wp-json\/wp\/v2\/media\/1135"}],"wp:attachment":[{"href":"https:\/\/destacado.com.mx\/index.php\/wp-json\/wp\/v2\/media?parent=1132"}],"wp:term":[{"taxonomy":"category","embeddable":true,"href":"https:\/\/destacado.com.mx\/index.php\/wp-json\/wp\/v2\/categories?post=1132"},{"taxonomy":"post_tag","embeddable":true,"href":"https:\/\/destacado.com.mx\/index.php\/wp-json\/wp\/v2\/tags?post=1132"}],"curies":[{"name":"wp","href":"https:\/\/api.w.org\/{rel}","templated":true}]}}