
{"id":1235,"date":"2026-07-08T05:59:23","date_gmt":"2026-07-08T05:59:23","guid":{"rendered":"https:\/\/destacado.com.mx\/?p=1235"},"modified":"2026-07-08T05:59:23","modified_gmt":"2026-07-08T05:59:23","slug":"reporte-nacional-revive-polemica-alrededor-de-gerardo-sanchez-zumaya-rumbo-a-la-gubernatura","status":"publish","type":"post","link":"https:\/\/destacado.com.mx\/index.php\/2026\/07\/08\/reporte-nacional-revive-polemica-alrededor-de-gerardo-sanchez-zumaya-rumbo-a-la-gubernatura\/","title":{"rendered":"Reporte nacional revive pol\u00e9mica alrededor de Gerardo S\u00e1nchez Zumaya rumbo a la gubernatura"},"content":{"rendered":"<p class=\"PDq2pG_selectionAnchorContainer\" data-start=\"2440\" data-end=\"2538\">\n<p data-start=\"2540\" data-end=\"2851\">El nombre de <span class=\"hover:entity-accent entity-underline inline cursor-pointer align-baseline\"><span class=\"whitespace-normal\">Gerardo S\u00e1nchez Zumaya<\/span><\/span> volvi\u00f3 a aparecer en la agenda nacional luego de que Reporte \u00cdndigo publicara una investigaci\u00f3n en la que lo relaciona con presuntas operaciones de lavado de dinero, fraude fiscal y robo de combustibles mediante una organizaci\u00f3n identificada como \u00abGrupo GESA\u00bb.<\/p>\n<p data-start=\"2853\" data-end=\"3054\">La investigaci\u00f3n describe un supuesto esquema financiero basado en empresas fachada y redes de facturaci\u00f3n, adem\u00e1s de se\u00f1alar presuntas operaciones relacionadas con instalaciones estrat\u00e9gicas de Pemex.<\/p>\n<p data-start=\"3056\" data-end=\"3336\">Aunque S\u00e1nchez Zumaya ha rechazado anteriormente los se\u00f1alamientos p\u00fablicos en su contra y ha sostenido que carecen de sustento jur\u00eddico, la difusi\u00f3n de esta nueva investigaci\u00f3n vuelve a generar cuestionamientos sobre el perfil del aspirante respaldado por el Partido del Trabajo.<\/p>\n<p data-start=\"3338\" data-end=\"3494\">En un contexto preelectoral, la publicaci\u00f3n reaviva el debate sobre la idoneidad de los perfiles que buscan contender por la gubernatura de San Luis Potos\u00ed.<\/p>\n","protected":false},"excerpt":{"rendered":"<p>El nombre de Gerardo S\u00e1nchez Zumaya volvi\u00f3 a aparecer en la agenda nacional luego de que Reporte \u00cdndigo publicara una investigaci\u00f3n en la que lo relaciona con presuntas operaciones de lavado de dinero, fraude fiscal y robo de combustibles mediante una organizaci\u00f3n identificada como \u00abGrupo GESA\u00bb. La investigaci\u00f3n describe un supuesto esquema financiero basado en [&hellip;]<\/p>\n","protected":false},"author":4,"featured_media":1232,"comment_status":"open","ping_status":"open","sticky":false,"template":"","format":"standard","meta":{"footnotes":""},"categories":[13],"tags":[],"class_list":["post-1235","post","type-post","status-publish","format-standard","has-post-thumbnail","hentry","category-politica"],"_links":{"self":[{"href":"https:\/\/destacado.com.mx\/index.php\/wp-json\/wp\/v2\/posts\/1235","targetHints":{"allow":["GET"]}}],"collection":[{"href":"https:\/\/destacado.com.mx\/index.php\/wp-json\/wp\/v2\/posts"}],"about":[{"href":"https:\/\/destacado.com.mx\/index.php\/wp-json\/wp\/v2\/types\/post"}],"author":[{"embeddable":true,"href":"https:\/\/destacado.com.mx\/index.php\/wp-json\/wp\/v2\/users\/4"}],"replies":[{"embeddable":true,"href":"https:\/\/destacado.com.mx\/index.php\/wp-json\/wp\/v2\/comments?post=1235"}],"version-history":[{"count":1,"href":"https:\/\/destacado.com.mx\/index.php\/wp-json\/wp\/v2\/posts\/1235\/revisions"}],"predecessor-version":[{"id":1236,"href":"https:\/\/destacado.com.mx\/index.php\/wp-json\/wp\/v2\/posts\/1235\/revisions\/1236"}],"wp:featuredmedia":[{"embeddable":true,"href":"https:\/\/destacado.com.mx\/index.php\/wp-json\/wp\/v2\/media\/1232"}],"wp:attachment":[{"href":"https:\/\/destacado.com.mx\/index.php\/wp-json\/wp\/v2\/media?parent=1235"}],"wp:term":[{"taxonomy":"category","embeddable":true,"href":"https:\/\/destacado.com.mx\/index.php\/wp-json\/wp\/v2\/categories?post=1235"},{"taxonomy":"post_tag","embeddable":true,"href":"https:\/\/destacado.com.mx\/index.php\/wp-json\/wp\/v2\/tags?post=1235"}],"curies":[{"name":"wp","href":"https:\/\/api.w.org\/{rel}","templated":true}]}}