
{"id":1237,"date":"2026-07-08T05:59:56","date_gmt":"2026-07-08T05:59:56","guid":{"rendered":"https:\/\/destacado.com.mx\/?p=1237"},"modified":"2026-07-08T05:59:56","modified_gmt":"2026-07-08T05:59:56","slug":"ruth-gonzalez-silva-respalda-a-los-nuevos-liderazgos-del-pvem-para-seguir-transformando-san-luis-potosi","status":"publish","type":"post","link":"https:\/\/destacado.com.mx\/index.php\/2026\/07\/08\/ruth-gonzalez-silva-respalda-a-los-nuevos-liderazgos-del-pvem-para-seguir-transformando-san-luis-potosi\/","title":{"rendered":"Ruth Gonz\u00e1lez Silva respalda a los nuevos liderazgos del PVEM para seguir transformando San Luis Potos\u00ed"},"content":{"rendered":"<p class=\"PDq2pG_selectionAnchorContainer\" data-start=\"2029\" data-end=\"2139\">\n<p data-start=\"2141\" data-end=\"2385\">La senadora Ruth Gonz\u00e1lez Silva particip\u00f3 en la toma de protesta del Comit\u00e9 Municipal del PVEM en Santo Domingo, donde expres\u00f3 su reconocimiento a quienes hoy asumen la responsabilidad de representar y trabajar por el bienestar de su comunidad.<\/p>\n<p data-start=\"2387\" data-end=\"2586\">La legisladora destac\u00f3 que el fortalecimiento de las estructuras municipales permite mantener un contacto directo con la ciudadan\u00eda y construir soluciones desde las necesidades reales de cada regi\u00f3n.<\/p>\n<p data-start=\"2588\" data-end=\"2801\">Ruth Gonz\u00e1lez agradeci\u00f3 la oportunidad de compartir este momento con la militancia y reiter\u00f3 que seguir\u00e1 recorriendo el estado para respaldar a quienes trabajan todos los d\u00edas por el desarrollo de San Luis Potos\u00ed.<\/p>\n<p data-start=\"2803\" data-end=\"2986\">Con liderazgo, cercan\u00eda y compromiso, la senadora contin\u00faa consolidando un proyecto pol\u00edtico enfocado en servir a la gente y generar mayores oportunidades para las familias potosinas.<\/p>\n","protected":false},"excerpt":{"rendered":"<p>La senadora Ruth Gonz\u00e1lez Silva particip\u00f3 en la toma de protesta del Comit\u00e9 Municipal del PVEM en Santo Domingo, donde expres\u00f3 su reconocimiento a quienes hoy asumen la responsabilidad de representar y trabajar por el bienestar de su comunidad. La legisladora destac\u00f3 que el fortalecimiento de las estructuras municipales permite mantener un contacto directo con [&hellip;]<\/p>\n","protected":false},"author":4,"featured_media":1231,"comment_status":"open","ping_status":"open","sticky":false,"template":"","format":"standard","meta":{"footnotes":""},"categories":[13],"tags":[],"class_list":["post-1237","post","type-post","status-publish","format-standard","has-post-thumbnail","hentry","category-politica"],"_links":{"self":[{"href":"https:\/\/destacado.com.mx\/index.php\/wp-json\/wp\/v2\/posts\/1237","targetHints":{"allow":["GET"]}}],"collection":[{"href":"https:\/\/destacado.com.mx\/index.php\/wp-json\/wp\/v2\/posts"}],"about":[{"href":"https:\/\/destacado.com.mx\/index.php\/wp-json\/wp\/v2\/types\/post"}],"author":[{"embeddable":true,"href":"https:\/\/destacado.com.mx\/index.php\/wp-json\/wp\/v2\/users\/4"}],"replies":[{"embeddable":true,"href":"https:\/\/destacado.com.mx\/index.php\/wp-json\/wp\/v2\/comments?post=1237"}],"version-history":[{"count":1,"href":"https:\/\/destacado.com.mx\/index.php\/wp-json\/wp\/v2\/posts\/1237\/revisions"}],"predecessor-version":[{"id":1238,"href":"https:\/\/destacado.com.mx\/index.php\/wp-json\/wp\/v2\/posts\/1237\/revisions\/1238"}],"wp:featuredmedia":[{"embeddable":true,"href":"https:\/\/destacado.com.mx\/index.php\/wp-json\/wp\/v2\/media\/1231"}],"wp:attachment":[{"href":"https:\/\/destacado.com.mx\/index.php\/wp-json\/wp\/v2\/media?parent=1237"}],"wp:term":[{"taxonomy":"category","embeddable":true,"href":"https:\/\/destacado.com.mx\/index.php\/wp-json\/wp\/v2\/categories?post=1237"},{"taxonomy":"post_tag","embeddable":true,"href":"https:\/\/destacado.com.mx\/index.php\/wp-json\/wp\/v2\/tags?post=1237"}],"curies":[{"name":"wp","href":"https:\/\/api.w.org\/{rel}","templated":true}]}}