
{"id":1244,"date":"2026-07-10T02:34:30","date_gmt":"2026-07-10T02:34:30","guid":{"rendered":"https:\/\/destacado.com.mx\/?p=1244"},"modified":"2026-07-10T02:34:30","modified_gmt":"2026-07-10T02:34:30","slug":"ricardo-gallardo-fortalece-espacios-para-que-la-ninez-viva-un-verano-lleno-de-creatividad-y-aprendizaje","status":"publish","type":"post","link":"https:\/\/destacado.com.mx\/index.php\/2026\/07\/10\/ricardo-gallardo-fortalece-espacios-para-que-la-ninez-viva-un-verano-lleno-de-creatividad-y-aprendizaje\/","title":{"rendered":"Ricardo Gallardo fortalece espacios para que la ni\u00f1ez viva un verano lleno de creatividad y aprendizaje"},"content":{"rendered":"<p class=\"PDq2pG_selectionAnchorContainer\" data-start=\"2009\" data-end=\"2119\">\n<p data-start=\"2121\" data-end=\"2344\">El gobernador de San Luis Potos\u00ed, <span class=\"hover:entity-accent entity-underline inline cursor-pointer align-baseline\"><span class=\"whitespace-normal\">Ricardo Gallardo Cardona<\/span><\/span>, revis\u00f3 junto con <span class=\"hover:entity-accent entity-underline inline cursor-pointer align-baseline\"><span class=\"whitespace-normal\">Laura Luz Garc\u00eda Lumbreras<\/span><\/span> los preparativos de los campamentos de verano que se llevar\u00e1n a cabo en el Centro de las Artes.<\/p>\n<p data-start=\"2346\" data-end=\"2549\">Ricardo Gallardo destac\u00f3 que estos programas buscan brindar a las ni\u00f1as y ni\u00f1os experiencias formativas mediante actividades art\u00edsticas, recreativas y educativas que contribuyan a su desarrollo personal.<\/p>\n<p data-start=\"2551\" data-end=\"2728\">El mandatario reafirm\u00f3 su compromiso de seguir generando espacios donde la infancia potosina pueda aprender, convivir y desarrollar su talento en ambientes seguros y de calidad.<\/p>\n<p data-start=\"2730\" data-end=\"2893\">Estas acciones forman parte de una estrategia integral que impulsa el bienestar de las familias y promueve una formaci\u00f3n m\u00e1s completa para las nuevas generaciones.<\/p>\n","protected":false},"excerpt":{"rendered":"<p>El gobernador de San Luis Potos\u00ed, Ricardo Gallardo Cardona, revis\u00f3 junto con Laura Luz Garc\u00eda Lumbreras los preparativos de los campamentos de verano que se llevar\u00e1n a cabo en el Centro de las Artes. Ricardo Gallardo destac\u00f3 que estos programas buscan brindar a las ni\u00f1as y ni\u00f1os experiencias formativas mediante actividades art\u00edsticas, recreativas y educativas [&hellip;]<\/p>\n","protected":false},"author":4,"featured_media":1241,"comment_status":"open","ping_status":"open","sticky":false,"template":"","format":"standard","meta":{"footnotes":""},"categories":[13],"tags":[],"class_list":["post-1244","post","type-post","status-publish","format-standard","has-post-thumbnail","hentry","category-politica"],"_links":{"self":[{"href":"https:\/\/destacado.com.mx\/index.php\/wp-json\/wp\/v2\/posts\/1244","targetHints":{"allow":["GET"]}}],"collection":[{"href":"https:\/\/destacado.com.mx\/index.php\/wp-json\/wp\/v2\/posts"}],"about":[{"href":"https:\/\/destacado.com.mx\/index.php\/wp-json\/wp\/v2\/types\/post"}],"author":[{"embeddable":true,"href":"https:\/\/destacado.com.mx\/index.php\/wp-json\/wp\/v2\/users\/4"}],"replies":[{"embeddable":true,"href":"https:\/\/destacado.com.mx\/index.php\/wp-json\/wp\/v2\/comments?post=1244"}],"version-history":[{"count":1,"href":"https:\/\/destacado.com.mx\/index.php\/wp-json\/wp\/v2\/posts\/1244\/revisions"}],"predecessor-version":[{"id":1245,"href":"https:\/\/destacado.com.mx\/index.php\/wp-json\/wp\/v2\/posts\/1244\/revisions\/1245"}],"wp:featuredmedia":[{"embeddable":true,"href":"https:\/\/destacado.com.mx\/index.php\/wp-json\/wp\/v2\/media\/1241"}],"wp:attachment":[{"href":"https:\/\/destacado.com.mx\/index.php\/wp-json\/wp\/v2\/media?parent=1244"}],"wp:term":[{"taxonomy":"category","embeddable":true,"href":"https:\/\/destacado.com.mx\/index.php\/wp-json\/wp\/v2\/categories?post=1244"},{"taxonomy":"post_tag","embeddable":true,"href":"https:\/\/destacado.com.mx\/index.php\/wp-json\/wp\/v2\/tags?post=1244"}],"curies":[{"name":"wp","href":"https:\/\/api.w.org\/{rel}","templated":true}]}}