
{"id":1253,"date":"2026-07-10T04:39:12","date_gmt":"2026-07-10T04:39:12","guid":{"rendered":"https:\/\/destacado.com.mx\/?p=1253"},"modified":"2026-07-10T04:39:12","modified_gmt":"2026-07-10T04:39:12","slug":"ricardo-gallardo-refuerza-el-trabajo-conjunto-con-omar-garcia-harfuch-para-mantener-a-san-luis-potosi-como-un-estado-seguro","status":"publish","type":"post","link":"https:\/\/destacado.com.mx\/index.php\/2026\/07\/10\/ricardo-gallardo-refuerza-el-trabajo-conjunto-con-omar-garcia-harfuch-para-mantener-a-san-luis-potosi-como-un-estado-seguro\/","title":{"rendered":"Ricardo Gallardo refuerza el trabajo conjunto con Omar Garc\u00eda Harfuch para mantener a San Luis Potos\u00ed como un estado seguro"},"content":{"rendered":"<p class=\"PDq2pG_selectionAnchorContainer\" data-start=\"3700\" data-end=\"3830\">\n<p data-start=\"3832\" data-end=\"4142\">El liderazgo del gobernador Ricardo Gallardo Cardona en materia de seguridad volvi\u00f3 a reflejarse con la reuni\u00f3n que sostuvo con el secretario de Seguridad y Protecci\u00f3n Ciudadana, Omar Garc\u00eda Harfuch, para fortalecer la coordinaci\u00f3n institucional y reforzar los operativos que se implementan en San Luis Potos\u00ed.<\/p>\n<p data-start=\"4144\" data-end=\"4385\">El mandatario estatal destac\u00f3 que la seguridad es una prioridad para su gobierno y que el trabajo coordinado con la Federaci\u00f3n ha permitido construir una estrategia s\u00f3lida que contin\u00faa dando resultados en beneficio de las familias potosinas.<\/p>\n<p data-start=\"4387\" data-end=\"4686\">Durante el encuentro se revisaron acciones para fortalecer la presencia operativa, mejorar la coordinaci\u00f3n entre corporaciones y mantener una respuesta eficaz frente a los retos en materia de seguridad, siempre con el objetivo de preservar la paz y la tranquilidad en las cuatro regiones del estado.<\/p>\n<p data-start=\"4688\" data-end=\"4941\" data-is-last-node=\"\" data-is-only-node=\"\">Ricardo Gallardo reafirm\u00f3 que continuar\u00e1 impulsando una pol\u00edtica de colaboraci\u00f3n permanente con el Gobierno de M\u00e9xico para seguir consolidando un San Luis Potos\u00ed fuerte, seguro y con mejores condiciones para el desarrollo de todas y todos los potosinos.<\/p>\n","protected":false},"excerpt":{"rendered":"<p>El liderazgo del gobernador Ricardo Gallardo Cardona en materia de seguridad volvi\u00f3 a reflejarse con la reuni\u00f3n que sostuvo con el secretario de Seguridad y Protecci\u00f3n Ciudadana, Omar Garc\u00eda Harfuch, para fortalecer la coordinaci\u00f3n institucional y reforzar los operativos que se implementan en San Luis Potos\u00ed. El mandatario estatal destac\u00f3 que la seguridad es una [&hellip;]<\/p>\n","protected":false},"author":4,"featured_media":1256,"comment_status":"open","ping_status":"open","sticky":false,"template":"","format":"standard","meta":{"footnotes":""},"categories":[13],"tags":[],"class_list":["post-1253","post","type-post","status-publish","format-standard","has-post-thumbnail","hentry","category-politica"],"_links":{"self":[{"href":"https:\/\/destacado.com.mx\/index.php\/wp-json\/wp\/v2\/posts\/1253","targetHints":{"allow":["GET"]}}],"collection":[{"href":"https:\/\/destacado.com.mx\/index.php\/wp-json\/wp\/v2\/posts"}],"about":[{"href":"https:\/\/destacado.com.mx\/index.php\/wp-json\/wp\/v2\/types\/post"}],"author":[{"embeddable":true,"href":"https:\/\/destacado.com.mx\/index.php\/wp-json\/wp\/v2\/users\/4"}],"replies":[{"embeddable":true,"href":"https:\/\/destacado.com.mx\/index.php\/wp-json\/wp\/v2\/comments?post=1253"}],"version-history":[{"count":1,"href":"https:\/\/destacado.com.mx\/index.php\/wp-json\/wp\/v2\/posts\/1253\/revisions"}],"predecessor-version":[{"id":1257,"href":"https:\/\/destacado.com.mx\/index.php\/wp-json\/wp\/v2\/posts\/1253\/revisions\/1257"}],"wp:featuredmedia":[{"embeddable":true,"href":"https:\/\/destacado.com.mx\/index.php\/wp-json\/wp\/v2\/media\/1256"}],"wp:attachment":[{"href":"https:\/\/destacado.com.mx\/index.php\/wp-json\/wp\/v2\/media?parent=1253"}],"wp:term":[{"taxonomy":"category","embeddable":true,"href":"https:\/\/destacado.com.mx\/index.php\/wp-json\/wp\/v2\/categories?post=1253"},{"taxonomy":"post_tag","embeddable":true,"href":"https:\/\/destacado.com.mx\/index.php\/wp-json\/wp\/v2\/tags?post=1253"}],"curies":[{"name":"wp","href":"https:\/\/api.w.org\/{rel}","templated":true}]}}