
{"id":1260,"date":"2026-07-10T04:40:34","date_gmt":"2026-07-10T04:40:34","guid":{"rendered":"https:\/\/destacado.com.mx\/?p=1260"},"modified":"2026-07-10T04:40:34","modified_gmt":"2026-07-10T04:40:34","slug":"patrulla-municipal-queda-varada-y-exhibe-fallas-en-la-actuacion-de-la-policia-de-enrique-galindo","status":"publish","type":"post","link":"https:\/\/destacado.com.mx\/index.php\/2026\/07\/10\/patrulla-municipal-queda-varada-y-exhibe-fallas-en-la-actuacion-de-la-policia-de-enrique-galindo\/","title":{"rendered":"Patrulla municipal queda varada y exhibe fallas en la actuaci\u00f3n de la Polic\u00eda de Enrique Galindo"},"content":{"rendered":"<p class=\"PDq2pG_selectionAnchorContainer\" data-start=\"2944\" data-end=\"3047\">\n<p data-start=\"3049\" data-end=\"3260\">La tarde de este jueves, una patrulla de la Polic\u00eda Municipal qued\u00f3 atrapada en el R\u00edo Santiago luego de ingresar a un tramo que ya hab\u00eda sido cerrado como medida preventiva por el incremento del nivel del agua.<\/p>\n<p data-start=\"3262\" data-end=\"3461\">El incidente llam\u00f3 la atenci\u00f3n porque la restricci\u00f3n buscaba precisamente evitar situaciones de riesgo, sin embargo, fueron los propios elementos municipales quienes hicieron caso omiso de la medida.<\/p>\n<p data-start=\"3463\" data-end=\"3646\">La imagen de la unidad varada gener\u00f3 cr\u00edticas y cuestionamientos sobre el cumplimiento de los protocolos de seguridad dentro de la corporaci\u00f3n encabezada por Enrique Galindo Ceballos.<\/p>\n<p data-start=\"3648\" data-end=\"3838\" data-is-last-node=\"\" data-is-only-node=\"\">Aunque el hecho no dej\u00f3 personas lesionadas, volvi\u00f3 a poner sobre la mesa el debate sobre la preparaci\u00f3n, coordinaci\u00f3n y actuaci\u00f3n de la Polic\u00eda Municipal frente a situaciones de emergencia.<\/p>\n","protected":false},"excerpt":{"rendered":"<p>La tarde de este jueves, una patrulla de la Polic\u00eda Municipal qued\u00f3 atrapada en el R\u00edo Santiago luego de ingresar a un tramo que ya hab\u00eda sido cerrado como medida preventiva por el incremento del nivel del agua. El incidente llam\u00f3 la atenci\u00f3n porque la restricci\u00f3n buscaba precisamente evitar situaciones de riesgo, sin embargo, fueron [&hellip;]<\/p>\n","protected":false},"author":4,"featured_media":1254,"comment_status":"open","ping_status":"open","sticky":false,"template":"","format":"standard","meta":{"footnotes":""},"categories":[13],"tags":[],"class_list":["post-1260","post","type-post","status-publish","format-standard","has-post-thumbnail","hentry","category-politica"],"_links":{"self":[{"href":"https:\/\/destacado.com.mx\/index.php\/wp-json\/wp\/v2\/posts\/1260","targetHints":{"allow":["GET"]}}],"collection":[{"href":"https:\/\/destacado.com.mx\/index.php\/wp-json\/wp\/v2\/posts"}],"about":[{"href":"https:\/\/destacado.com.mx\/index.php\/wp-json\/wp\/v2\/types\/post"}],"author":[{"embeddable":true,"href":"https:\/\/destacado.com.mx\/index.php\/wp-json\/wp\/v2\/users\/4"}],"replies":[{"embeddable":true,"href":"https:\/\/destacado.com.mx\/index.php\/wp-json\/wp\/v2\/comments?post=1260"}],"version-history":[{"count":1,"href":"https:\/\/destacado.com.mx\/index.php\/wp-json\/wp\/v2\/posts\/1260\/revisions"}],"predecessor-version":[{"id":1261,"href":"https:\/\/destacado.com.mx\/index.php\/wp-json\/wp\/v2\/posts\/1260\/revisions\/1261"}],"wp:featuredmedia":[{"embeddable":true,"href":"https:\/\/destacado.com.mx\/index.php\/wp-json\/wp\/v2\/media\/1254"}],"wp:attachment":[{"href":"https:\/\/destacado.com.mx\/index.php\/wp-json\/wp\/v2\/media?parent=1260"}],"wp:term":[{"taxonomy":"category","embeddable":true,"href":"https:\/\/destacado.com.mx\/index.php\/wp-json\/wp\/v2\/categories?post=1260"},{"taxonomy":"post_tag","embeddable":true,"href":"https:\/\/destacado.com.mx\/index.php\/wp-json\/wp\/v2\/tags?post=1260"}],"curies":[{"name":"wp","href":"https:\/\/api.w.org\/{rel}","templated":true}]}}