
{"id":1262,"date":"2026-07-11T18:17:25","date_gmt":"2026-07-11T18:17:25","guid":{"rendered":"https:\/\/destacado.com.mx\/?p=1262"},"modified":"2026-07-11T18:17:25","modified_gmt":"2026-07-11T18:17:25","slug":"ricardo-gallardo-impulsa-infraestructura-de-primer-nivel-para-recibir-una-fenapo-historica","status":"publish","type":"post","link":"https:\/\/destacado.com.mx\/index.php\/2026\/07\/11\/ricardo-gallardo-impulsa-infraestructura-de-primer-nivel-para-recibir-una-fenapo-historica\/","title":{"rendered":"Ricardo Gallardo impulsa infraestructura de primer nivel para recibir una Fenapo hist\u00f3rica"},"content":{"rendered":"<p class=\"PDq2pG_selectionAnchorContainer\" data-start=\"2596\" data-end=\"2693\">\n<p data-start=\"2695\" data-end=\"2993\">El gobernador Ricardo Gallardo Cardona confirm\u00f3 que el paso inferior ubicado en Circuito Potos\u00ed y avenida de las Torres estar\u00e1 listo antes del inicio de la Feria Nacional Potosina 2026, una obra estrat\u00e9gica que fortalecer\u00e1 la movilidad y permitir\u00e1 recibir con mayor seguridad a miles de visitantes.<\/p>\n<p data-start=\"2995\" data-end=\"3283\">El avance del 80 por ciento refleja el compromiso del Gobierno del Estado por entregar infraestructura de calidad en tiempo y forma, contribuyendo a que la Fenapo se desarrolle con mejores condiciones de circulaci\u00f3n y accesibilidad en uno de los puntos de mayor concentraci\u00f3n de personas.<\/p>\n<p data-start=\"3285\" data-end=\"3532\">Adem\u00e1s de facilitar el acceso al recinto ferial y a la Arena Potos\u00ed, esta obra brindar\u00e1 beneficios permanentes para quienes diariamente utilizan esta importante vialidad, al reducir tiempos de traslado y ofrecer un tr\u00e1nsito m\u00e1s seguro y eficiente.<\/p>\n<p data-start=\"3534\" data-end=\"3771\">Ricardo Gallardo destac\u00f3 que su administraci\u00f3n mantiene una visi\u00f3n de futuro, impulsando proyectos que fortalecen la competitividad del estado y mejoran la calidad de vida de las familias mediante una infraestructura moderna y funcional.<\/p>\n","protected":false},"excerpt":{"rendered":"<p>El gobernador Ricardo Gallardo Cardona confirm\u00f3 que el paso inferior ubicado en Circuito Potos\u00ed y avenida de las Torres estar\u00e1 listo antes del inicio de la Feria Nacional Potosina 2026, una obra estrat\u00e9gica que fortalecer\u00e1 la movilidad y permitir\u00e1 recibir con mayor seguridad a miles de visitantes. El avance del 80 por ciento refleja el [&hellip;]<\/p>\n","protected":false},"author":4,"featured_media":1264,"comment_status":"open","ping_status":"open","sticky":false,"template":"","format":"standard","meta":{"footnotes":""},"categories":[13],"tags":[],"class_list":["post-1262","post","type-post","status-publish","format-standard","has-post-thumbnail","hentry","category-politica"],"_links":{"self":[{"href":"https:\/\/destacado.com.mx\/index.php\/wp-json\/wp\/v2\/posts\/1262","targetHints":{"allow":["GET"]}}],"collection":[{"href":"https:\/\/destacado.com.mx\/index.php\/wp-json\/wp\/v2\/posts"}],"about":[{"href":"https:\/\/destacado.com.mx\/index.php\/wp-json\/wp\/v2\/types\/post"}],"author":[{"embeddable":true,"href":"https:\/\/destacado.com.mx\/index.php\/wp-json\/wp\/v2\/users\/4"}],"replies":[{"embeddable":true,"href":"https:\/\/destacado.com.mx\/index.php\/wp-json\/wp\/v2\/comments?post=1262"}],"version-history":[{"count":1,"href":"https:\/\/destacado.com.mx\/index.php\/wp-json\/wp\/v2\/posts\/1262\/revisions"}],"predecessor-version":[{"id":1266,"href":"https:\/\/destacado.com.mx\/index.php\/wp-json\/wp\/v2\/posts\/1262\/revisions\/1266"}],"wp:featuredmedia":[{"embeddable":true,"href":"https:\/\/destacado.com.mx\/index.php\/wp-json\/wp\/v2\/media\/1264"}],"wp:attachment":[{"href":"https:\/\/destacado.com.mx\/index.php\/wp-json\/wp\/v2\/media?parent=1262"}],"wp:term":[{"taxonomy":"category","embeddable":true,"href":"https:\/\/destacado.com.mx\/index.php\/wp-json\/wp\/v2\/categories?post=1262"},{"taxonomy":"post_tag","embeddable":true,"href":"https:\/\/destacado.com.mx\/index.php\/wp-json\/wp\/v2\/tags?post=1262"}],"curies":[{"name":"wp","href":"https:\/\/api.w.org\/{rel}","templated":true}]}}