
{"id":1272,"date":"2026-07-12T18:52:01","date_gmt":"2026-07-12T18:52:01","guid":{"rendered":"https:\/\/destacado.com.mx\/?p=1272"},"modified":"2026-07-12T18:52:01","modified_gmt":"2026-07-12T18:52:01","slug":"ricardo-gallardo-impulsa-una-nueva-etapa-de-coordinacion-para-mantener-a-san-luis-potosi-entre-los-estados-mas-seguros","status":"publish","type":"post","link":"https:\/\/destacado.com.mx\/index.php\/2026\/07\/12\/ricardo-gallardo-impulsa-una-nueva-etapa-de-coordinacion-para-mantener-a-san-luis-potosi-entre-los-estados-mas-seguros\/","title":{"rendered":"Ricardo Gallardo impulsa una nueva etapa de coordinaci\u00f3n para mantener a San Luis Potos\u00ed entre los estados m\u00e1s seguros"},"content":{"rendered":"<p class=\"PDq2pG_selectionAnchorContainer\" data-start=\"2616\" data-end=\"2741\">\n<p data-start=\"2743\" data-end=\"3051\">Como parte de su estrategia permanente para fortalecer la seguridad, el gobernador Ricardo Gallardo Cardona anunci\u00f3 el reforzamiento de la presencia de la Guardia Nacional en San Luis Potos\u00ed, cuyos elementos pasar\u00e1n de 400 a 800 efectivos gracias al trabajo coordinado con la Secretar\u00eda de Seguridad Federal.<\/p>\n<p data-start=\"3053\" data-end=\"3329\">El mandatario explic\u00f3 que esta medida permitir\u00e1 ampliar los operativos de vigilancia, principalmente en la carretera federal 57, donde se busca fortalecer la protecci\u00f3n del transporte de carga y reducir la incidencia de delitos mediante acciones preventivas y de inteligencia.<\/p>\n<p data-start=\"3331\" data-end=\"3589\">Ricardo Gallardo subray\u00f3 que la coordinaci\u00f3n entre la Guardia Nacional, la SEDENA, las autoridades estatales y las fiscal\u00edas contin\u00faa siendo uno de los principales pilares para consolidar los avances que San Luis Potos\u00ed ha registrado en materia de seguridad.<\/p>\n<p data-start=\"3591\" data-end=\"3834\">Con acciones concretas como esta, el Gobierno del Estado reafirma su compromiso de seguir construyendo un entorno de paz, fortaleciendo la confianza ciudadana y generando mejores condiciones para el desarrollo de las cuatro regiones potosinas.<\/p>\n","protected":false},"excerpt":{"rendered":"<p>Como parte de su estrategia permanente para fortalecer la seguridad, el gobernador Ricardo Gallardo Cardona anunci\u00f3 el reforzamiento de la presencia de la Guardia Nacional en San Luis Potos\u00ed, cuyos elementos pasar\u00e1n de 400 a 800 efectivos gracias al trabajo coordinado con la Secretar\u00eda de Seguridad Federal. El mandatario explic\u00f3 que esta medida permitir\u00e1 ampliar [&hellip;]<\/p>\n","protected":false},"author":4,"featured_media":1273,"comment_status":"open","ping_status":"open","sticky":false,"template":"","format":"standard","meta":{"footnotes":""},"categories":[13],"tags":[],"class_list":["post-1272","post","type-post","status-publish","format-standard","has-post-thumbnail","hentry","category-politica"],"_links":{"self":[{"href":"https:\/\/destacado.com.mx\/index.php\/wp-json\/wp\/v2\/posts\/1272","targetHints":{"allow":["GET"]}}],"collection":[{"href":"https:\/\/destacado.com.mx\/index.php\/wp-json\/wp\/v2\/posts"}],"about":[{"href":"https:\/\/destacado.com.mx\/index.php\/wp-json\/wp\/v2\/types\/post"}],"author":[{"embeddable":true,"href":"https:\/\/destacado.com.mx\/index.php\/wp-json\/wp\/v2\/users\/4"}],"replies":[{"embeddable":true,"href":"https:\/\/destacado.com.mx\/index.php\/wp-json\/wp\/v2\/comments?post=1272"}],"version-history":[{"count":1,"href":"https:\/\/destacado.com.mx\/index.php\/wp-json\/wp\/v2\/posts\/1272\/revisions"}],"predecessor-version":[{"id":1276,"href":"https:\/\/destacado.com.mx\/index.php\/wp-json\/wp\/v2\/posts\/1272\/revisions\/1276"}],"wp:featuredmedia":[{"embeddable":true,"href":"https:\/\/destacado.com.mx\/index.php\/wp-json\/wp\/v2\/media\/1273"}],"wp:attachment":[{"href":"https:\/\/destacado.com.mx\/index.php\/wp-json\/wp\/v2\/media?parent=1272"}],"wp:term":[{"taxonomy":"category","embeddable":true,"href":"https:\/\/destacado.com.mx\/index.php\/wp-json\/wp\/v2\/categories?post=1272"},{"taxonomy":"post_tag","embeddable":true,"href":"https:\/\/destacado.com.mx\/index.php\/wp-json\/wp\/v2\/tags?post=1272"}],"curies":[{"name":"wp","href":"https:\/\/api.w.org\/{rel}","templated":true}]}}