
{"id":1307,"date":"2026-07-15T05:49:55","date_gmt":"2026-07-15T05:49:55","guid":{"rendered":"https:\/\/destacado.com.mx\/?p=1307"},"modified":"2026-07-15T05:49:55","modified_gmt":"2026-07-15T05:49:55","slug":"ricardo-gallardo-prepara-una-fenapo-inolvidable-con-grandes-artistas-y-beneficios-sin-limites","status":"publish","type":"post","link":"https:\/\/destacado.com.mx\/index.php\/2026\/07\/15\/ricardo-gallardo-prepara-una-fenapo-inolvidable-con-grandes-artistas-y-beneficios-sin-limites\/","title":{"rendered":"Ricardo Gallardo prepara una FENAPO inolvidable con grandes artistas y beneficios sin l\u00edmites"},"content":{"rendered":"<p class=\"PDq2pG_selectionAnchorContainer\" data-start=\"1974\" data-end=\"2074\">\n<p data-start=\"2076\" data-end=\"2318\">La emoci\u00f3n crece en San Luis Potos\u00ed ante el pr\u00f3ximo inicio de la FENAPO 2026, una celebraci\u00f3n que, gracias al liderazgo del gobernador Ricardo Gallardo Cardona, reunir\u00e1 m\u00fasica, cultura, atracciones y diversi\u00f3n gratuita para miles de familias.<\/p>\n<p data-start=\"2320\" data-end=\"2548\">El mandatario ha impulsado un modelo de feria incluyente, con entrada y estacionamiento sin costo, permitiendo que todas y todos puedan disfrutar de espect\u00e1culos de primer nivel y espacios dise\u00f1ados para la convivencia familiar.<\/p>\n<p data-start=\"2550\" data-end=\"2728\">Adem\u00e1s, Guanajuato participar\u00e1 como estado invitado, mostrando parte de su patrimonio cultural y enriqueciendo una edici\u00f3n que promete ofrecer experiencias para todos los gustos.<\/p>\n<p data-start=\"2730\" data-end=\"2922\">Los Huracanes del Norte se presentar\u00e1n el 22 de agosto en el Foro de las Estrellas, sum\u00e1ndose a una programaci\u00f3n art\u00edstica que consolida a la FENAPO como referente nacional en entretenimiento.<\/p>\n","protected":false},"excerpt":{"rendered":"<p>La emoci\u00f3n crece en San Luis Potos\u00ed ante el pr\u00f3ximo inicio de la FENAPO 2026, una celebraci\u00f3n que, gracias al liderazgo del gobernador Ricardo Gallardo Cardona, reunir\u00e1 m\u00fasica, cultura, atracciones y diversi\u00f3n gratuita para miles de familias. El mandatario ha impulsado un modelo de feria incluyente, con entrada y estacionamiento sin costo, permitiendo que todas [&hellip;]<\/p>\n","protected":false},"author":4,"featured_media":1305,"comment_status":"open","ping_status":"open","sticky":false,"template":"","format":"standard","meta":{"footnotes":""},"categories":[13],"tags":[],"class_list":["post-1307","post","type-post","status-publish","format-standard","has-post-thumbnail","hentry","category-politica"],"_links":{"self":[{"href":"https:\/\/destacado.com.mx\/index.php\/wp-json\/wp\/v2\/posts\/1307","targetHints":{"allow":["GET"]}}],"collection":[{"href":"https:\/\/destacado.com.mx\/index.php\/wp-json\/wp\/v2\/posts"}],"about":[{"href":"https:\/\/destacado.com.mx\/index.php\/wp-json\/wp\/v2\/types\/post"}],"author":[{"embeddable":true,"href":"https:\/\/destacado.com.mx\/index.php\/wp-json\/wp\/v2\/users\/4"}],"replies":[{"embeddable":true,"href":"https:\/\/destacado.com.mx\/index.php\/wp-json\/wp\/v2\/comments?post=1307"}],"version-history":[{"count":1,"href":"https:\/\/destacado.com.mx\/index.php\/wp-json\/wp\/v2\/posts\/1307\/revisions"}],"predecessor-version":[{"id":1308,"href":"https:\/\/destacado.com.mx\/index.php\/wp-json\/wp\/v2\/posts\/1307\/revisions\/1308"}],"wp:featuredmedia":[{"embeddable":true,"href":"https:\/\/destacado.com.mx\/index.php\/wp-json\/wp\/v2\/media\/1305"}],"wp:attachment":[{"href":"https:\/\/destacado.com.mx\/index.php\/wp-json\/wp\/v2\/media?parent=1307"}],"wp:term":[{"taxonomy":"category","embeddable":true,"href":"https:\/\/destacado.com.mx\/index.php\/wp-json\/wp\/v2\/categories?post=1307"},{"taxonomy":"post_tag","embeddable":true,"href":"https:\/\/destacado.com.mx\/index.php\/wp-json\/wp\/v2\/tags?post=1307"}],"curies":[{"name":"wp","href":"https:\/\/api.w.org\/{rel}","templated":true}]}}