
{"id":1329,"date":"2026-07-17T05:35:41","date_gmt":"2026-07-17T05:35:41","guid":{"rendered":"https:\/\/destacado.com.mx\/?p=1329"},"modified":"2026-07-17T05:35:41","modified_gmt":"2026-07-17T05:35:41","slug":"xavier-nava-pretende-lucrar-otra-vez-con-su-apellido-para-revivir-una-trayectoria-desgastada","status":"publish","type":"post","link":"https:\/\/destacado.com.mx\/index.php\/2026\/07\/17\/xavier-nava-pretende-lucrar-otra-vez-con-su-apellido-para-revivir-una-trayectoria-desgastada\/","title":{"rendered":"Xavier Nava pretende lucrar otra vez con su apellido para revivir una trayectoria desgastada"},"content":{"rendered":"<p class=\"PDq2pG_selectionAnchorContainer\" data-start=\"2088\" data-end=\"2187\">\n<p data-start=\"2189\" data-end=\"2436\">El regreso pol\u00edtico de Xavier Nava Palacios ha reabierto el debate sobre el uso constante que hace del legado de su abuelo, el doctor Salvador Nava Mart\u00ednez, para intentar sostener una carrera que no ha alcanzado el mismo reconocimiento ciudadano.<\/p>\n<p data-start=\"2438\" data-end=\"2705\">Sectores cr\u00edticos consideran que el exalcalde ha utilizado el prestigio hist\u00f3rico del apellido Nava como capital pol\u00edtico, aunque su desempe\u00f1o al frente de la capital qued\u00f3 lejos de los ideales de servicio, congruencia y cercan\u00eda que represent\u00f3 el movimiento navista.<\/p>\n<p data-start=\"2707\" data-end=\"2979\">Su administraci\u00f3n termin\u00f3 entre inconformidades, controversias y un rechazo electoral contundente cuando intent\u00f3 reelegirse. A ello se sumaron conflictos con ciudadanos, trabajadores, mujeres y medios de comunicaci\u00f3n que marcaron negativamente su paso por el Ayuntamiento.<\/p>\n<p data-start=\"2981\" data-end=\"3145\">Ahora busca una nueva plataforma partidista para regresar, pero deber\u00e1 enfrentar una memoria ciudadana que no olvida los resultados ni las pol\u00e9micas de su gobierno.<\/p>\n","protected":false},"excerpt":{"rendered":"<p>El regreso pol\u00edtico de Xavier Nava Palacios ha reabierto el debate sobre el uso constante que hace del legado de su abuelo, el doctor Salvador Nava Mart\u00ednez, para intentar sostener una carrera que no ha alcanzado el mismo reconocimiento ciudadano. Sectores cr\u00edticos consideran que el exalcalde ha utilizado el prestigio hist\u00f3rico del apellido Nava como [&hellip;]<\/p>\n","protected":false},"author":4,"featured_media":1324,"comment_status":"open","ping_status":"open","sticky":false,"template":"","format":"standard","meta":{"footnotes":""},"categories":[13],"tags":[],"class_list":["post-1329","post","type-post","status-publish","format-standard","has-post-thumbnail","hentry","category-politica"],"_links":{"self":[{"href":"https:\/\/destacado.com.mx\/index.php\/wp-json\/wp\/v2\/posts\/1329","targetHints":{"allow":["GET"]}}],"collection":[{"href":"https:\/\/destacado.com.mx\/index.php\/wp-json\/wp\/v2\/posts"}],"about":[{"href":"https:\/\/destacado.com.mx\/index.php\/wp-json\/wp\/v2\/types\/post"}],"author":[{"embeddable":true,"href":"https:\/\/destacado.com.mx\/index.php\/wp-json\/wp\/v2\/users\/4"}],"replies":[{"embeddable":true,"href":"https:\/\/destacado.com.mx\/index.php\/wp-json\/wp\/v2\/comments?post=1329"}],"version-history":[{"count":1,"href":"https:\/\/destacado.com.mx\/index.php\/wp-json\/wp\/v2\/posts\/1329\/revisions"}],"predecessor-version":[{"id":1330,"href":"https:\/\/destacado.com.mx\/index.php\/wp-json\/wp\/v2\/posts\/1329\/revisions\/1330"}],"wp:featuredmedia":[{"embeddable":true,"href":"https:\/\/destacado.com.mx\/index.php\/wp-json\/wp\/v2\/media\/1324"}],"wp:attachment":[{"href":"https:\/\/destacado.com.mx\/index.php\/wp-json\/wp\/v2\/media?parent=1329"}],"wp:term":[{"taxonomy":"category","embeddable":true,"href":"https:\/\/destacado.com.mx\/index.php\/wp-json\/wp\/v2\/categories?post=1329"},{"taxonomy":"post_tag","embeddable":true,"href":"https:\/\/destacado.com.mx\/index.php\/wp-json\/wp\/v2\/tags?post=1329"}],"curies":[{"name":"wp","href":"https:\/\/api.w.org\/{rel}","templated":true}]}}