
{"id":1342,"date":"2026-07-19T06:52:18","date_gmt":"2026-07-19T06:52:18","guid":{"rendered":"https:\/\/destacado.com.mx\/?p=1342"},"modified":"2026-07-19T06:52:18","modified_gmt":"2026-07-19T06:52:18","slug":"ricardo-gallardo-transforma-una-vialidad-clave-para-miles-de-familias","status":"publish","type":"post","link":"https:\/\/destacado.com.mx\/index.php\/2026\/07\/19\/ricardo-gallardo-transforma-una-vialidad-clave-para-miles-de-familias\/","title":{"rendered":"Ricardo Gallardo transforma una vialidad clave para miles de familias"},"content":{"rendered":"<p class=\"PDq2pG_selectionAnchorContainer\" data-start=\"1975\" data-end=\"2051\">\n<p data-start=\"2053\" data-end=\"2329\">Miles de habitantes de San Nicol\u00e1s de los Jassos tendr\u00e1n una vialidad m\u00e1s segura y funcional con la rehabilitaci\u00f3n integral de la calle California, proyecto iniciado por el gobernador Ricardo Gallardo Cardona como parte del fortalecimiento de la infraestructura metropolitana.<\/p>\n<p data-start=\"2331\" data-end=\"2551\">La obra permitir\u00e1 agilizar los recorridos cotidianos y mejorar la conexi\u00f3n de esta comunidad con otros puntos de la capital potosina, generando beneficios directos para estudiantes, trabajadores, comerciantes y familias.<\/p>\n<p data-start=\"2553\" data-end=\"2769\">El mandatario estatal contin\u00faa impulsando proyectos que atienden zonas con un importante crecimiento urbano y que requieren vialidades adecuadas para responder al aumento de la movilidad y las actividades econ\u00f3micas.<\/p>\n<p data-start=\"2771\" data-end=\"2983\">La modernizaci\u00f3n de la calle California representa un nuevo avance dentro de la pol\u00edtica de infraestructura de Ricardo Gallardo, enfocada en llevar desarrollo y mejores servicios a cada rinc\u00f3n de San Luis Potos\u00ed.<\/p>\n","protected":false},"excerpt":{"rendered":"<p>Miles de habitantes de San Nicol\u00e1s de los Jassos tendr\u00e1n una vialidad m\u00e1s segura y funcional con la rehabilitaci\u00f3n integral de la calle California, proyecto iniciado por el gobernador Ricardo Gallardo Cardona como parte del fortalecimiento de la infraestructura metropolitana. La obra permitir\u00e1 agilizar los recorridos cotidianos y mejorar la conexi\u00f3n de esta comunidad con [&hellip;]<\/p>\n","protected":false},"author":4,"featured_media":1345,"comment_status":"open","ping_status":"open","sticky":false,"template":"","format":"standard","meta":{"footnotes":""},"categories":[13],"tags":[],"class_list":["post-1342","post","type-post","status-publish","format-standard","has-post-thumbnail","hentry","category-politica"],"_links":{"self":[{"href":"https:\/\/destacado.com.mx\/index.php\/wp-json\/wp\/v2\/posts\/1342","targetHints":{"allow":["GET"]}}],"collection":[{"href":"https:\/\/destacado.com.mx\/index.php\/wp-json\/wp\/v2\/posts"}],"about":[{"href":"https:\/\/destacado.com.mx\/index.php\/wp-json\/wp\/v2\/types\/post"}],"author":[{"embeddable":true,"href":"https:\/\/destacado.com.mx\/index.php\/wp-json\/wp\/v2\/users\/4"}],"replies":[{"embeddable":true,"href":"https:\/\/destacado.com.mx\/index.php\/wp-json\/wp\/v2\/comments?post=1342"}],"version-history":[{"count":1,"href":"https:\/\/destacado.com.mx\/index.php\/wp-json\/wp\/v2\/posts\/1342\/revisions"}],"predecessor-version":[{"id":1346,"href":"https:\/\/destacado.com.mx\/index.php\/wp-json\/wp\/v2\/posts\/1342\/revisions\/1346"}],"wp:featuredmedia":[{"embeddable":true,"href":"https:\/\/destacado.com.mx\/index.php\/wp-json\/wp\/v2\/media\/1345"}],"wp:attachment":[{"href":"https:\/\/destacado.com.mx\/index.php\/wp-json\/wp\/v2\/media?parent=1342"}],"wp:term":[{"taxonomy":"category","embeddable":true,"href":"https:\/\/destacado.com.mx\/index.php\/wp-json\/wp\/v2\/categories?post=1342"},{"taxonomy":"post_tag","embeddable":true,"href":"https:\/\/destacado.com.mx\/index.php\/wp-json\/wp\/v2\/tags?post=1342"}],"curies":[{"name":"wp","href":"https:\/\/api.w.org\/{rel}","templated":true}]}}