
{"id":1376,"date":"2026-07-22T05:06:59","date_gmt":"2026-07-22T05:06:59","guid":{"rendered":"https:\/\/destacado.com.mx\/?p=1376"},"modified":"2026-07-22T05:06:59","modified_gmt":"2026-07-22T05:06:59","slug":"guajardo-defiende-identidad-panista-y-corrige-propuesta-electoral-de-marcelo-de-los-santos","status":"publish","type":"post","link":"https:\/\/destacado.com.mx\/index.php\/2026\/07\/22\/guajardo-defiende-identidad-panista-y-corrige-propuesta-electoral-de-marcelo-de-los-santos\/","title":{"rendered":"Guajardo defiende identidad panista y corrige propuesta electoral de Marcelo de los Santos"},"content":{"rendered":"<p class=\"PDq2pG_selectionAnchorContainer\" data-start=\"3854\" data-end=\"3951\">\n<p data-start=\"3953\" data-end=\"4186\">El PAN debe competir con sus propias siglas y descartar alianzas que, adem\u00e1s de ser pol\u00edticamente cuestionables, resultan legalmente imposibles, sostuvo el diputado Rub\u00e9n Guajardo Barrera al fijar postura rumbo a la elecci\u00f3n de 2027.<\/p>\n<p data-start=\"4188\" data-end=\"4415\">El legislador respondi\u00f3 a Marcelo de los Santos Anaya, quien hab\u00eda sugerido acercamientos con Somos M\u00e9xico, y explic\u00f3 que la normativa obliga a los nuevos partidos a presentarse solos durante su primera participaci\u00f3n electoral.<\/p>\n<p data-start=\"4417\" data-end=\"4654\">La precisi\u00f3n de Guajardo expuso la falta de sustento en la propuesta de su compa\u00f1ero aspirante y reforz\u00f3 el debate sobre la preparaci\u00f3n y el conocimiento jur\u00eddico de quienes buscan obtener la candidatura panista a la alcald\u00eda capitalina.<\/p>\n<p data-start=\"4656\" data-end=\"4902\">El diputado se\u00f1al\u00f3 que las alianzas recientes no han fortalecido a Acci\u00f3n Nacional, por lo que consider\u00f3 indispensable recuperar la confianza ciudadana mediante una oferta propia y perfiles plenamente identificados con los principios del partido.<\/p>\n<p data-start=\"4904\" data-end=\"5142\" data-is-last-node=\"\" data-is-only-node=\"\">Tambi\u00e9n plante\u00f3 abrir espacios de discusi\u00f3n entre los aspirantes para conocer sus propuestas y pidi\u00f3 que la seguridad sea el eje principal, ante el impacto que este problema tiene en la vida cotidiana de los habitantes de San Luis Potos\u00ed.<\/p>\n","protected":false},"excerpt":{"rendered":"<p>El PAN debe competir con sus propias siglas y descartar alianzas que, adem\u00e1s de ser pol\u00edticamente cuestionables, resultan legalmente imposibles, sostuvo el diputado Rub\u00e9n Guajardo Barrera al fijar postura rumbo a la elecci\u00f3n de 2027. El legislador respondi\u00f3 a Marcelo de los Santos Anaya, quien hab\u00eda sugerido acercamientos con Somos M\u00e9xico, y explic\u00f3 que la [&hellip;]<\/p>\n","protected":false},"author":4,"featured_media":1373,"comment_status":"open","ping_status":"open","sticky":false,"template":"","format":"standard","meta":{"footnotes":""},"categories":[13],"tags":[],"class_list":["post-1376","post","type-post","status-publish","format-standard","has-post-thumbnail","hentry","category-politica"],"_links":{"self":[{"href":"https:\/\/destacado.com.mx\/index.php\/wp-json\/wp\/v2\/posts\/1376","targetHints":{"allow":["GET"]}}],"collection":[{"href":"https:\/\/destacado.com.mx\/index.php\/wp-json\/wp\/v2\/posts"}],"about":[{"href":"https:\/\/destacado.com.mx\/index.php\/wp-json\/wp\/v2\/types\/post"}],"author":[{"embeddable":true,"href":"https:\/\/destacado.com.mx\/index.php\/wp-json\/wp\/v2\/users\/4"}],"replies":[{"embeddable":true,"href":"https:\/\/destacado.com.mx\/index.php\/wp-json\/wp\/v2\/comments?post=1376"}],"version-history":[{"count":1,"href":"https:\/\/destacado.com.mx\/index.php\/wp-json\/wp\/v2\/posts\/1376\/revisions"}],"predecessor-version":[{"id":1377,"href":"https:\/\/destacado.com.mx\/index.php\/wp-json\/wp\/v2\/posts\/1376\/revisions\/1377"}],"wp:featuredmedia":[{"embeddable":true,"href":"https:\/\/destacado.com.mx\/index.php\/wp-json\/wp\/v2\/media\/1373"}],"wp:attachment":[{"href":"https:\/\/destacado.com.mx\/index.php\/wp-json\/wp\/v2\/media?parent=1376"}],"wp:term":[{"taxonomy":"category","embeddable":true,"href":"https:\/\/destacado.com.mx\/index.php\/wp-json\/wp\/v2\/categories?post=1376"},{"taxonomy":"post_tag","embeddable":true,"href":"https:\/\/destacado.com.mx\/index.php\/wp-json\/wp\/v2\/tags?post=1376"}],"curies":[{"name":"wp","href":"https:\/\/api.w.org\/{rel}","templated":true}]}}