
{"id":1389,"date":"2026-07-24T05:07:23","date_gmt":"2026-07-24T05:07:23","guid":{"rendered":"https:\/\/destacado.com.mx\/?p=1389"},"modified":"2026-07-24T05:07:23","modified_gmt":"2026-07-24T05:07:23","slug":"foto-de-cartuchos-quemados-exhibe-mas-aspiraciones-personales-que-fuerza-electoral","status":"publish","type":"post","link":"https:\/\/destacado.com.mx\/index.php\/2026\/07\/24\/foto-de-cartuchos-quemados-exhibe-mas-aspiraciones-personales-que-fuerza-electoral\/","title":{"rendered":"Foto de \u201ccartuchos quemados\u201d exhibe m\u00e1s aspiraciones personales que fuerza electoral"},"content":{"rendered":"<p class=\"PDq2pG_selectionAnchorContainer\" data-start=\"3329\" data-end=\"3420\">\n<p data-start=\"3422\" data-end=\"3673\">Exdiputados, exregidores y antiguos funcionarios volvieron a aparecer juntos en un encuentro pol\u00edtico que pretend\u00eda proyectar respaldo, pero cuya limitada convocatoria termin\u00f3 generando cuestionamientos sobre el verdadero peso de quienes participaron.<\/p>\n<p data-start=\"3675\" data-end=\"4011\">Buena parte de los asistentes pertenece a generaciones que ya ocuparon espacios p\u00fablicos y que actualmente intentan recuperar visibilidad. Algunos alcanzaron cargos durante los primeros a\u00f1os de Morena en el Gobierno Federal, cuando los mecanismos internos del partido permitieron la llegada de nuevos perfiles a posiciones legislativas.<\/p>\n<p data-start=\"4013\" data-end=\"4285\">Ahora, ante la proximidad de nuevas disputas electorales, estos personajes reaparecen alrededor de un proyecto pol\u00edtico que busca construir presencia en San Luis Potos\u00ed, aunque por el momento las fotograf\u00edas parecen tener mayor peso que cualquier demostraci\u00f3n territorial.<\/p>\n<p data-start=\"4287\" data-end=\"4512\" data-is-last-node=\"\" data-is-only-node=\"\">El encuentro dej\u00f3 as\u00ed una postal poco favorable: varios pol\u00edticos buscando mantenerse en circulaci\u00f3n, escasa renovaci\u00f3n y ninguna demostraci\u00f3n contundente de una estructura capaz de traducir esa reuni\u00f3n en respaldo ciudadano.<\/p>\n","protected":false},"excerpt":{"rendered":"<p>Exdiputados, exregidores y antiguos funcionarios volvieron a aparecer juntos en un encuentro pol\u00edtico que pretend\u00eda proyectar respaldo, pero cuya limitada convocatoria termin\u00f3 generando cuestionamientos sobre el verdadero peso de quienes participaron. Buena parte de los asistentes pertenece a generaciones que ya ocuparon espacios p\u00fablicos y que actualmente intentan recuperar visibilidad. Algunos alcanzaron cargos durante los [&hellip;]<\/p>\n","protected":false},"author":4,"featured_media":1392,"comment_status":"open","ping_status":"open","sticky":false,"template":"","format":"standard","meta":{"footnotes":""},"categories":[13],"tags":[],"class_list":["post-1389","post","type-post","status-publish","format-standard","has-post-thumbnail","hentry","category-politica"],"_links":{"self":[{"href":"https:\/\/destacado.com.mx\/index.php\/wp-json\/wp\/v2\/posts\/1389","targetHints":{"allow":["GET"]}}],"collection":[{"href":"https:\/\/destacado.com.mx\/index.php\/wp-json\/wp\/v2\/posts"}],"about":[{"href":"https:\/\/destacado.com.mx\/index.php\/wp-json\/wp\/v2\/types\/post"}],"author":[{"embeddable":true,"href":"https:\/\/destacado.com.mx\/index.php\/wp-json\/wp\/v2\/users\/4"}],"replies":[{"embeddable":true,"href":"https:\/\/destacado.com.mx\/index.php\/wp-json\/wp\/v2\/comments?post=1389"}],"version-history":[{"count":1,"href":"https:\/\/destacado.com.mx\/index.php\/wp-json\/wp\/v2\/posts\/1389\/revisions"}],"predecessor-version":[{"id":1393,"href":"https:\/\/destacado.com.mx\/index.php\/wp-json\/wp\/v2\/posts\/1389\/revisions\/1393"}],"wp:featuredmedia":[{"embeddable":true,"href":"https:\/\/destacado.com.mx\/index.php\/wp-json\/wp\/v2\/media\/1392"}],"wp:attachment":[{"href":"https:\/\/destacado.com.mx\/index.php\/wp-json\/wp\/v2\/media?parent=1389"}],"wp:term":[{"taxonomy":"category","embeddable":true,"href":"https:\/\/destacado.com.mx\/index.php\/wp-json\/wp\/v2\/categories?post=1389"},{"taxonomy":"post_tag","embeddable":true,"href":"https:\/\/destacado.com.mx\/index.php\/wp-json\/wp\/v2\/tags?post=1389"}],"curies":[{"name":"wp","href":"https:\/\/api.w.org\/{rel}","templated":true}]}}