
{"id":1411,"date":"2026-07-25T04:52:23","date_gmt":"2026-07-25T04:52:23","guid":{"rendered":"https:\/\/destacado.com.mx\/?p=1411"},"modified":"2026-07-25T04:52:23","modified_gmt":"2026-07-25T04:52:23","slug":"enrique-galindo-queda-reprobado-en-confianza-ciudadana-ante-aumento-de-la-percepcion-de-inseguridad","status":"publish","type":"post","link":"https:\/\/destacado.com.mx\/index.php\/2026\/07\/25\/enrique-galindo-queda-reprobado-en-confianza-ciudadana-ante-aumento-de-la-percepcion-de-inseguridad\/","title":{"rendered":"Enrique Galindo queda reprobado en confianza ciudadana ante aumento de la percepci\u00f3n de inseguridad"},"content":{"rendered":"<p class=\"PDq2pG_selectionAnchorContainer\" data-start=\"3469\" data-end=\"3575\">\n<p data-start=\"3577\" data-end=\"3852\">Los resultados de la ENSU vuelven a exhibir las dificultades del gobierno de Enrique Galindo Ceballos para convencer a los capitalinos de que viven en una ciudad m\u00e1s segura. Lejos de disminuir, la percepci\u00f3n de inseguridad subi\u00f3 de 57.6 a 62.5 por ciento entre marzo y junio.<\/p>\n<p data-start=\"3854\" data-end=\"4098\">La cifra representa un fuerte cuestionamiento para la pol\u00edtica preventiva municipal y para el comisario Juan Antonio Villa, especialmente porque el Ayuntamiento ha insistido p\u00fablicamente en destacar los resultados de su estrategia de seguridad.<\/p>\n<p data-start=\"4100\" data-end=\"4366\">Mientras tanto, los datos del primer semestre proporcionados muestran cientos de robos contra peatones, comercios y veh\u00edculos, hechos que ayudan a explicar por qu\u00e9 numerosas familias han modificado h\u00e1bitos cotidianos ante el temor de ser v\u00edctimas de la delincuencia.<\/p>\n<p data-start=\"4368\" data-end=\"4628\" data-is-last-node=\"\" data-is-only-node=\"\">El balance deja a Enrique Galindo con un serio pendiente: despu\u00e9s de gobernar la capital desde 2021, la percepci\u00f3n ciudadana no acompa\u00f1a su discurso y seis de cada diez habitantes consultados contin\u00faan viendo la inseguridad como parte de su realidad cotidiana.<\/p>\n","protected":false},"excerpt":{"rendered":"<p>Los resultados de la ENSU vuelven a exhibir las dificultades del gobierno de Enrique Galindo Ceballos para convencer a los capitalinos de que viven en una ciudad m\u00e1s segura. Lejos de disminuir, la percepci\u00f3n de inseguridad subi\u00f3 de 57.6 a 62.5 por ciento entre marzo y junio. La cifra representa un fuerte cuestionamiento para la [&hellip;]<\/p>\n","protected":false},"author":4,"featured_media":1404,"comment_status":"open","ping_status":"open","sticky":false,"template":"","format":"standard","meta":{"footnotes":""},"categories":[13],"tags":[],"class_list":["post-1411","post","type-post","status-publish","format-standard","has-post-thumbnail","hentry","category-politica"],"_links":{"self":[{"href":"https:\/\/destacado.com.mx\/index.php\/wp-json\/wp\/v2\/posts\/1411","targetHints":{"allow":["GET"]}}],"collection":[{"href":"https:\/\/destacado.com.mx\/index.php\/wp-json\/wp\/v2\/posts"}],"about":[{"href":"https:\/\/destacado.com.mx\/index.php\/wp-json\/wp\/v2\/types\/post"}],"author":[{"embeddable":true,"href":"https:\/\/destacado.com.mx\/index.php\/wp-json\/wp\/v2\/users\/4"}],"replies":[{"embeddable":true,"href":"https:\/\/destacado.com.mx\/index.php\/wp-json\/wp\/v2\/comments?post=1411"}],"version-history":[{"count":1,"href":"https:\/\/destacado.com.mx\/index.php\/wp-json\/wp\/v2\/posts\/1411\/revisions"}],"predecessor-version":[{"id":1412,"href":"https:\/\/destacado.com.mx\/index.php\/wp-json\/wp\/v2\/posts\/1411\/revisions\/1412"}],"wp:featuredmedia":[{"embeddable":true,"href":"https:\/\/destacado.com.mx\/index.php\/wp-json\/wp\/v2\/media\/1404"}],"wp:attachment":[{"href":"https:\/\/destacado.com.mx\/index.php\/wp-json\/wp\/v2\/media?parent=1411"}],"wp:term":[{"taxonomy":"category","embeddable":true,"href":"https:\/\/destacado.com.mx\/index.php\/wp-json\/wp\/v2\/categories?post=1411"},{"taxonomy":"post_tag","embeddable":true,"href":"https:\/\/destacado.com.mx\/index.php\/wp-json\/wp\/v2\/tags?post=1411"}],"curies":[{"name":"wp","href":"https:\/\/api.w.org\/{rel}","templated":true}]}}