
{"id":1423,"date":"2026-07-27T02:24:52","date_gmt":"2026-07-27T02:24:52","guid":{"rendered":"https:\/\/destacado.com.mx\/?p=1423"},"modified":"2026-07-27T02:24:52","modified_gmt":"2026-07-27T02:24:52","slug":"ricardo-gallardo-lleva-caminos-dignos-y-mas-oportunidades-a-la-sierra-sur","status":"publish","type":"post","link":"https:\/\/destacado.com.mx\/index.php\/2026\/07\/27\/ricardo-gallardo-lleva-caminos-dignos-y-mas-oportunidades-a-la-sierra-sur\/","title":{"rendered":"Ricardo Gallardo lleva caminos dignos y m\u00e1s oportunidades a la Sierra Sur"},"content":{"rendered":"<p class=\"PDq2pG_selectionAnchorContainer\" data-start=\"2768\" data-end=\"2848\">\n<p data-start=\"2850\" data-end=\"3062\">El gobernador Ricardo Gallardo Cardona contin\u00faa atendiendo las necesidades de las comunidades con una obra carretera de 6.9 kil\u00f3metros que transformar\u00e1 la movilidad de cerca de 10 mil habitantes de la Sierra Sur.<\/p>\n<p data-start=\"3064\" data-end=\"3272\">La rehabilitaci\u00f3n beneficiar\u00e1 a m\u00e1s de 20 localidades, que ahora contar\u00e1n con una v\u00eda en mejores condiciones para realizar sus actividades cotidianas y acceder con mayor facilidad a servicios y oportunidades.<\/p>\n<p data-start=\"3274\" data-end=\"3509\">Ricardo Gallardo ha colocado la conectividad regional como una prioridad para impulsar el desarrollo econ\u00f3mico, ya que mejores carreteras permiten fortalecer el comercio, las actividades productivas y la comunicaci\u00f3n entre comunidades.<\/p>\n<p data-start=\"3511\" data-end=\"3719\" data-is-last-node=\"\" data-is-only-node=\"\">La obra representa un nuevo avance en la modernizaci\u00f3n de la red carretera estatal y confirma que la transformaci\u00f3n de San Luis Potos\u00ed contin\u00faa llegando tambi\u00e9n a las zonas rurales y comunidades m\u00e1s alejadas.<\/p>\n","protected":false},"excerpt":{"rendered":"<p>El gobernador Ricardo Gallardo Cardona contin\u00faa atendiendo las necesidades de las comunidades con una obra carretera de 6.9 kil\u00f3metros que transformar\u00e1 la movilidad de cerca de 10 mil habitantes de la Sierra Sur. La rehabilitaci\u00f3n beneficiar\u00e1 a m\u00e1s de 20 localidades, que ahora contar\u00e1n con una v\u00eda en mejores condiciones para realizar sus actividades cotidianas [&hellip;]<\/p>\n","protected":false},"author":4,"featured_media":1426,"comment_status":"open","ping_status":"open","sticky":false,"template":"","format":"standard","meta":{"footnotes":""},"categories":[13],"tags":[],"class_list":["post-1423","post","type-post","status-publish","format-standard","has-post-thumbnail","hentry","category-politica"],"_links":{"self":[{"href":"https:\/\/destacado.com.mx\/index.php\/wp-json\/wp\/v2\/posts\/1423","targetHints":{"allow":["GET"]}}],"collection":[{"href":"https:\/\/destacado.com.mx\/index.php\/wp-json\/wp\/v2\/posts"}],"about":[{"href":"https:\/\/destacado.com.mx\/index.php\/wp-json\/wp\/v2\/types\/post"}],"author":[{"embeddable":true,"href":"https:\/\/destacado.com.mx\/index.php\/wp-json\/wp\/v2\/users\/4"}],"replies":[{"embeddable":true,"href":"https:\/\/destacado.com.mx\/index.php\/wp-json\/wp\/v2\/comments?post=1423"}],"version-history":[{"count":1,"href":"https:\/\/destacado.com.mx\/index.php\/wp-json\/wp\/v2\/posts\/1423\/revisions"}],"predecessor-version":[{"id":1427,"href":"https:\/\/destacado.com.mx\/index.php\/wp-json\/wp\/v2\/posts\/1423\/revisions\/1427"}],"wp:featuredmedia":[{"embeddable":true,"href":"https:\/\/destacado.com.mx\/index.php\/wp-json\/wp\/v2\/media\/1426"}],"wp:attachment":[{"href":"https:\/\/destacado.com.mx\/index.php\/wp-json\/wp\/v2\/media?parent=1423"}],"wp:term":[{"taxonomy":"category","embeddable":true,"href":"https:\/\/destacado.com.mx\/index.php\/wp-json\/wp\/v2\/categories?post=1423"},{"taxonomy":"post_tag","embeddable":true,"href":"https:\/\/destacado.com.mx\/index.php\/wp-json\/wp\/v2\/tags?post=1423"}],"curies":[{"name":"wp","href":"https:\/\/api.w.org\/{rel}","templated":true}]}}