
{"id":1443,"date":"2026-07-30T06:21:31","date_gmt":"2026-07-30T06:21:31","guid":{"rendered":"https:\/\/destacado.com.mx\/?p=1443"},"modified":"2026-07-30T06:21:31","modified_gmt":"2026-07-30T06:21:31","slug":"ricardo-gallardo-construye-acuerdos-con-taxistas-para-avanzar-juntos-por-san-luis-potosi","status":"publish","type":"post","link":"https:\/\/destacado.com.mx\/index.php\/2026\/07\/30\/ricardo-gallardo-construye-acuerdos-con-taxistas-para-avanzar-juntos-por-san-luis-potosi\/","title":{"rendered":"Ricardo Gallardo construye acuerdos con taxistas para avanzar juntos por San Luis Potos\u00ed"},"content":{"rendered":"<p class=\"PDq2pG_selectionAnchorContainer\" data-start=\"3170\" data-end=\"3265\">\n<p data-start=\"3267\" data-end=\"3473\">Escuchar directamente a quienes viven todos los d\u00edas la movilidad de San Luis Potos\u00ed fue el objetivo del encuentro que encabez\u00f3 el gobernador Ricardo Gallardo Cardona con integrantes del gremio de taxistas.<\/p>\n<p data-start=\"3475\" data-end=\"3699\">El mandatario estatal abri\u00f3 un espacio de di\u00e1logo para conocer sus propuestas y necesidades, convencido de que las mejores soluciones se construyen trabajando junto a quienes prestan diariamente este servicio a la poblaci\u00f3n.<\/p>\n<p data-start=\"3701\" data-end=\"3911\">Ricardo Gallardo refrend\u00f3 su compromiso de mantener una administraci\u00f3n cercana a los trabajadores y atender mediante acuerdos los desaf\u00edos que enfrenta uno de los sectores tradicionales del transporte potosino.<\/p>\n<p data-start=\"3913\" data-end=\"4141\" data-is-last-node=\"\" data-is-only-node=\"\">La reuni\u00f3n permiti\u00f3 fortalecer la coordinaci\u00f3n y establecer una ruta de trabajo conjunta, demostrando que el Gobierno del Estado seguir\u00e1 escuchando y sumando a quienes contribuyen todos los d\u00edas al desarrollo de San Luis Potos\u00ed.<\/p>\n","protected":false},"excerpt":{"rendered":"<p>Escuchar directamente a quienes viven todos los d\u00edas la movilidad de San Luis Potos\u00ed fue el objetivo del encuentro que encabez\u00f3 el gobernador Ricardo Gallardo Cardona con integrantes del gremio de taxistas. El mandatario estatal abri\u00f3 un espacio de di\u00e1logo para conocer sus propuestas y necesidades, convencido de que las mejores soluciones se construyen trabajando [&hellip;]<\/p>\n","protected":false},"author":4,"featured_media":1445,"comment_status":"open","ping_status":"open","sticky":false,"template":"","format":"standard","meta":{"footnotes":""},"categories":[13],"tags":[],"class_list":["post-1443","post","type-post","status-publish","format-standard","has-post-thumbnail","hentry","category-politica"],"_links":{"self":[{"href":"https:\/\/destacado.com.mx\/index.php\/wp-json\/wp\/v2\/posts\/1443","targetHints":{"allow":["GET"]}}],"collection":[{"href":"https:\/\/destacado.com.mx\/index.php\/wp-json\/wp\/v2\/posts"}],"about":[{"href":"https:\/\/destacado.com.mx\/index.php\/wp-json\/wp\/v2\/types\/post"}],"author":[{"embeddable":true,"href":"https:\/\/destacado.com.mx\/index.php\/wp-json\/wp\/v2\/users\/4"}],"replies":[{"embeddable":true,"href":"https:\/\/destacado.com.mx\/index.php\/wp-json\/wp\/v2\/comments?post=1443"}],"version-history":[{"count":1,"href":"https:\/\/destacado.com.mx\/index.php\/wp-json\/wp\/v2\/posts\/1443\/revisions"}],"predecessor-version":[{"id":1447,"href":"https:\/\/destacado.com.mx\/index.php\/wp-json\/wp\/v2\/posts\/1443\/revisions\/1447"}],"wp:featuredmedia":[{"embeddable":true,"href":"https:\/\/destacado.com.mx\/index.php\/wp-json\/wp\/v2\/media\/1445"}],"wp:attachment":[{"href":"https:\/\/destacado.com.mx\/index.php\/wp-json\/wp\/v2\/media?parent=1443"}],"wp:term":[{"taxonomy":"category","embeddable":true,"href":"https:\/\/destacado.com.mx\/index.php\/wp-json\/wp\/v2\/categories?post=1443"},{"taxonomy":"post_tag","embeddable":true,"href":"https:\/\/destacado.com.mx\/index.php\/wp-json\/wp\/v2\/tags?post=1443"}],"curies":[{"name":"wp","href":"https:\/\/api.w.org\/{rel}","templated":true}]}}