
{"id":147,"date":"2026-03-17T17:34:10","date_gmt":"2026-03-17T17:34:10","guid":{"rendered":"https:\/\/destacado.com.mx\/?p=147"},"modified":"2026-03-17T17:34:10","modified_gmt":"2026-03-17T17:34:10","slug":"anuncia-sheinbaum-encuentro-con-presidente-aleman","status":"publish","type":"post","link":"https:\/\/destacado.com.mx\/index.php\/2026\/03\/17\/anuncia-sheinbaum-encuentro-con-presidente-aleman\/","title":{"rendered":"Anuncia Sheinbaum encuentro con presidente alem\u00e1n"},"content":{"rendered":"<p>La presidenta de M\u00e9xico, Claudia Sheinbaum Pardo, anunci\u00f3 que el 19 de marzo sostendr\u00e1 una reuni\u00f3n con el presidente de Alemania, Frank-Walter Steinmeier, en Canc\u00fan previo a la inauguraci\u00f3n de la Convenci\u00f3n Bancaria que se realizar\u00e1 en ese destino tur\u00edstico.<\/p>\n<p>La mandataria dio a conocer el encuentro durante su conferencia matutina en Palacio Nacional donde explic\u00f3 que la reuni\u00f3n con el jefe de Estado alem\u00e1n se llevar\u00e1 a cabo antes del acto inaugural del evento financiero en el que tambi\u00e9n participar\u00e1.<\/p>\n<p>Al ser cuestionada sobre los temas que se abordar\u00e1n, Sheinbaum se\u00f1al\u00f3 que se trata de asuntos habituales en reuniones de este tipo, enfocados en fortalecer la relaci\u00f3n bilateral mediante el di\u00e1logo sobre cooperaci\u00f3n cultural, educativa y comercial.<\/p>\n<p>Tambi\u00e9n destac\u00f3 que la reuni\u00f3n se da en el contexto de la actualizaci\u00f3n del acuerdo comercial entre Uni\u00f3n Europea y M\u00e9xico proceso que prev\u00e9 avanzar en abril y que contempla oportunidades de inversi\u00f3n y cooperaci\u00f3n entre ambas regiones.<\/p>\n","protected":false},"excerpt":{"rendered":"<p>La presidenta de M\u00e9xico, Claudia Sheinbaum Pardo, anunci\u00f3 que el 19 de marzo sostendr\u00e1 una reuni\u00f3n con el presidente de Alemania, Frank-Walter Steinmeier, en Canc\u00fan previo a la inauguraci\u00f3n de la Convenci\u00f3n Bancaria que se realizar\u00e1 en ese destino tur\u00edstico. La mandataria dio a conocer el encuentro durante su conferencia matutina en Palacio Nacional donde [&hellip;]<\/p>\n","protected":false},"author":2,"featured_media":148,"comment_status":"open","ping_status":"open","sticky":false,"template":"","format":"standard","meta":{"footnotes":""},"categories":[1],"tags":[],"class_list":["post-147","post","type-post","status-publish","format-standard","has-post-thumbnail","hentry","category-uncategorized"],"_links":{"self":[{"href":"https:\/\/destacado.com.mx\/index.php\/wp-json\/wp\/v2\/posts\/147","targetHints":{"allow":["GET"]}}],"collection":[{"href":"https:\/\/destacado.com.mx\/index.php\/wp-json\/wp\/v2\/posts"}],"about":[{"href":"https:\/\/destacado.com.mx\/index.php\/wp-json\/wp\/v2\/types\/post"}],"author":[{"embeddable":true,"href":"https:\/\/destacado.com.mx\/index.php\/wp-json\/wp\/v2\/users\/2"}],"replies":[{"embeddable":true,"href":"https:\/\/destacado.com.mx\/index.php\/wp-json\/wp\/v2\/comments?post=147"}],"version-history":[{"count":1,"href":"https:\/\/destacado.com.mx\/index.php\/wp-json\/wp\/v2\/posts\/147\/revisions"}],"predecessor-version":[{"id":149,"href":"https:\/\/destacado.com.mx\/index.php\/wp-json\/wp\/v2\/posts\/147\/revisions\/149"}],"wp:featuredmedia":[{"embeddable":true,"href":"https:\/\/destacado.com.mx\/index.php\/wp-json\/wp\/v2\/media\/148"}],"wp:attachment":[{"href":"https:\/\/destacado.com.mx\/index.php\/wp-json\/wp\/v2\/media?parent=147"}],"wp:term":[{"taxonomy":"category","embeddable":true,"href":"https:\/\/destacado.com.mx\/index.php\/wp-json\/wp\/v2\/categories?post=147"},{"taxonomy":"post_tag","embeddable":true,"href":"https:\/\/destacado.com.mx\/index.php\/wp-json\/wp\/v2\/tags?post=147"}],"curies":[{"name":"wp","href":"https:\/\/api.w.org\/{rel}","templated":true}]}}