
{"id":1513,"date":"2026-08-04T23:46:08","date_gmt":"2026-08-04T23:46:08","guid":{"rendered":"https:\/\/destacado.com.mx\/?p=1513"},"modified":"2026-08-04T23:46:08","modified_gmt":"2026-08-04T23:46:08","slug":"ricardo-gallardo-suma-esfuerzos-para-que-ninguna-familia-de-san-nicolas-tolentino-se-quede-sin-apoyo","status":"publish","type":"post","link":"https:\/\/destacado.com.mx\/index.php\/2026\/08\/04\/ricardo-gallardo-suma-esfuerzos-para-que-ninguna-familia-de-san-nicolas-tolentino-se-quede-sin-apoyo\/","title":{"rendered":"Ricardo Gallardo suma esfuerzos para que ninguna familia de San Nicol\u00e1s Tolentino se quede sin apoyo"},"content":{"rendered":"<p class=\"GjcqjG1A\" data-start=\"2694\" data-end=\"2801\">\n<p data-start=\"2803\" data-end=\"3009\">El gobernador Ricardo Gallardo Cardona refrend\u00f3 su cercan\u00eda con las comunidades de San Nicol\u00e1s Tolentino al dialogar con las y los delegados de la SEDESORE sobre las principales necesidades de las familias.<\/p>\n<p data-start=\"3011\" data-end=\"3201\">La reuni\u00f3n permiti\u00f3 establecer acuerdos para fortalecer la atenci\u00f3n social, mejorar la distribuci\u00f3n de apoyos y garantizar que los beneficios estatales lleguen a cada localidad de la regi\u00f3n.<\/p>\n<p data-start=\"3203\" data-end=\"3385\">Ricardo Gallardo afirm\u00f3 que su administraci\u00f3n seguir\u00e1 trabajando sin descanso para acompa\u00f1ar a quienes m\u00e1s lo necesitan y generar mejores condiciones de vida en todos los municipios.<\/p>\n<p data-start=\"3387\" data-end=\"3553\" data-is-last-node=\"\" data-is-only-node=\"\">Con escucha permanente y coordinaci\u00f3n territorial, el gobernador contin\u00faa impulsando una transformaci\u00f3n social que pone a las familias en el centro de las decisiones.<\/p>\n","protected":false},"excerpt":{"rendered":"<p>El gobernador Ricardo Gallardo Cardona refrend\u00f3 su cercan\u00eda con las comunidades de San Nicol\u00e1s Tolentino al dialogar con las y los delegados de la SEDESORE sobre las principales necesidades de las familias. La reuni\u00f3n permiti\u00f3 establecer acuerdos para fortalecer la atenci\u00f3n social, mejorar la distribuci\u00f3n de apoyos y garantizar que los beneficios estatales lleguen a [&hellip;]<\/p>\n","protected":false},"author":4,"featured_media":1510,"comment_status":"open","ping_status":"open","sticky":false,"template":"","format":"standard","meta":{"footnotes":""},"categories":[1],"tags":[],"class_list":["post-1513","post","type-post","status-publish","format-standard","has-post-thumbnail","hentry","category-uncategorized"],"_links":{"self":[{"href":"https:\/\/destacado.com.mx\/index.php\/wp-json\/wp\/v2\/posts\/1513","targetHints":{"allow":["GET"]}}],"collection":[{"href":"https:\/\/destacado.com.mx\/index.php\/wp-json\/wp\/v2\/posts"}],"about":[{"href":"https:\/\/destacado.com.mx\/index.php\/wp-json\/wp\/v2\/types\/post"}],"author":[{"embeddable":true,"href":"https:\/\/destacado.com.mx\/index.php\/wp-json\/wp\/v2\/users\/4"}],"replies":[{"embeddable":true,"href":"https:\/\/destacado.com.mx\/index.php\/wp-json\/wp\/v2\/comments?post=1513"}],"version-history":[{"count":1,"href":"https:\/\/destacado.com.mx\/index.php\/wp-json\/wp\/v2\/posts\/1513\/revisions"}],"predecessor-version":[{"id":1514,"href":"https:\/\/destacado.com.mx\/index.php\/wp-json\/wp\/v2\/posts\/1513\/revisions\/1514"}],"wp:featuredmedia":[{"embeddable":true,"href":"https:\/\/destacado.com.mx\/index.php\/wp-json\/wp\/v2\/media\/1510"}],"wp:attachment":[{"href":"https:\/\/destacado.com.mx\/index.php\/wp-json\/wp\/v2\/media?parent=1513"}],"wp:term":[{"taxonomy":"category","embeddable":true,"href":"https:\/\/destacado.com.mx\/index.php\/wp-json\/wp\/v2\/categories?post=1513"},{"taxonomy":"post_tag","embeddable":true,"href":"https:\/\/destacado.com.mx\/index.php\/wp-json\/wp\/v2\/tags?post=1513"}],"curies":[{"name":"wp","href":"https:\/\/api.w.org\/{rel}","templated":true}]}}