
{"id":1562,"date":"2026-08-10T05:08:46","date_gmt":"2026-08-10T05:08:46","guid":{"rendered":"https:\/\/destacado.com.mx\/?p=1562"},"modified":"2026-08-10T05:08:46","modified_gmt":"2026-08-10T05:08:46","slug":"ricardo-gallardo-y-ruth-gonzalez-reciben-agradecimiento-especial-de-gloria-trevi-por-visita-al-cereso-femenil","status":"publish","type":"post","link":"https:\/\/destacado.com.mx\/index.php\/2026\/08\/10\/ricardo-gallardo-y-ruth-gonzalez-reciben-agradecimiento-especial-de-gloria-trevi-por-visita-al-cereso-femenil\/","title":{"rendered":"Ricardo Gallardo y Ruth Gonz\u00e1lez reciben agradecimiento especial de Gloria Trevi por visita al Cereso Femenil"},"content":{"rendered":"<p class=\"GjcqjG1A\" data-start=\"1837\" data-end=\"1953\">\n<p data-start=\"1955\" data-end=\"2141\">Gloria Trevi destac\u00f3 p\u00fablicamente al gobernador Ricardo Gallardo Cardona y a la senadora Ruth Gonz\u00e1lez Silva tras la experiencia que vivi\u00f3 durante su visita al Cereso Femenil de La Pila.<\/p>\n<p data-start=\"2143\" data-end=\"2302\">La cantante agradeci\u00f3 a ambos por permitirle acercarse a las mujeres privadas de su libertad y compartir un encuentro que calific\u00f3 como profundamente especial.<\/p>\n<p data-start=\"2304\" data-end=\"2493\">Para la artista, la experiencia tuvo tal significado que asegur\u00f3 que la llevar\u00e1 siempre en su coraz\u00f3n, dejando constancia del impacto humano generado durante su estancia en San Luis Potos\u00ed.<\/p>\n<p data-start=\"2495\" data-end=\"2684\">La apertura y respaldo de Ricardo Gallardo y Ruth Gonz\u00e1lez hicieron posible un momento de cercan\u00eda que llev\u00f3 acompa\u00f1amiento y un mensaje de esperanza a las mujeres del centro penitenciario.<\/p>\n","protected":false},"excerpt":{"rendered":"<p>Gloria Trevi destac\u00f3 p\u00fablicamente al gobernador Ricardo Gallardo Cardona y a la senadora Ruth Gonz\u00e1lez Silva tras la experiencia que vivi\u00f3 durante su visita al Cereso Femenil de La Pila. La cantante agradeci\u00f3 a ambos por permitirle acercarse a las mujeres privadas de su libertad y compartir un encuentro que calific\u00f3 como profundamente especial. Para [&hellip;]<\/p>\n","protected":false},"author":4,"featured_media":1558,"comment_status":"open","ping_status":"open","sticky":false,"template":"","format":"standard","meta":{"footnotes":""},"categories":[1],"tags":[],"class_list":["post-1562","post","type-post","status-publish","format-standard","has-post-thumbnail","hentry","category-uncategorized"],"_links":{"self":[{"href":"https:\/\/destacado.com.mx\/index.php\/wp-json\/wp\/v2\/posts\/1562","targetHints":{"allow":["GET"]}}],"collection":[{"href":"https:\/\/destacado.com.mx\/index.php\/wp-json\/wp\/v2\/posts"}],"about":[{"href":"https:\/\/destacado.com.mx\/index.php\/wp-json\/wp\/v2\/types\/post"}],"author":[{"embeddable":true,"href":"https:\/\/destacado.com.mx\/index.php\/wp-json\/wp\/v2\/users\/4"}],"replies":[{"embeddable":true,"href":"https:\/\/destacado.com.mx\/index.php\/wp-json\/wp\/v2\/comments?post=1562"}],"version-history":[{"count":1,"href":"https:\/\/destacado.com.mx\/index.php\/wp-json\/wp\/v2\/posts\/1562\/revisions"}],"predecessor-version":[{"id":1563,"href":"https:\/\/destacado.com.mx\/index.php\/wp-json\/wp\/v2\/posts\/1562\/revisions\/1563"}],"wp:featuredmedia":[{"embeddable":true,"href":"https:\/\/destacado.com.mx\/index.php\/wp-json\/wp\/v2\/media\/1558"}],"wp:attachment":[{"href":"https:\/\/destacado.com.mx\/index.php\/wp-json\/wp\/v2\/media?parent=1562"}],"wp:term":[{"taxonomy":"category","embeddable":true,"href":"https:\/\/destacado.com.mx\/index.php\/wp-json\/wp\/v2\/categories?post=1562"},{"taxonomy":"post_tag","embeddable":true,"href":"https:\/\/destacado.com.mx\/index.php\/wp-json\/wp\/v2\/tags?post=1562"}],"curies":[{"name":"wp","href":"https:\/\/api.w.org\/{rel}","templated":true}]}}