
{"id":159,"date":"2026-03-21T04:30:17","date_gmt":"2026-03-21T04:30:17","guid":{"rendered":"https:\/\/destacado.com.mx\/?p=159"},"modified":"2026-03-21T04:30:17","modified_gmt":"2026-03-21T04:30:17","slug":"san-luis-potosi-fortalece-su-estrategia-de-seguridad-con-coordinacion-federal","status":"publish","type":"post","link":"https:\/\/destacado.com.mx\/index.php\/2026\/03\/21\/san-luis-potosi-fortalece-su-estrategia-de-seguridad-con-coordinacion-federal\/","title":{"rendered":"San Luis Potos\u00ed fortalece su estrategia de seguridad con coordinaci\u00f3n federal"},"content":{"rendered":"<p data-start=\"3791\" data-end=\"4085\">La seguridad en San Luis Potos\u00ed se fortalece a trav\u00e9s de una coordinaci\u00f3n efectiva entre el Gobierno del Estado y las instituciones federales, una estrategia que se consolida con el relevo en la direcci\u00f3n de la Academia de la Guardia Nacional, ahora encabezada por Israel Abraham Cuadros Rojas.<\/p>\n<p data-start=\"4087\" data-end=\"4407\">En seguimiento a la instrucci\u00f3n del gobernador Ricardo Gallardo Cardona de reforzar sin l\u00edmites las acciones en materia de seguridad, la Secretar\u00eda General de Gobierno (SGG), mediante la Subsecretar\u00eda de Enlace Interinstitucional, reafirm\u00f3 su compromiso de mantener una colaboraci\u00f3n permanente con las fuerzas federales.<\/p>\n<p data-start=\"4409\" data-end=\"4654\">Este relevo representa una oportunidad para fortalecer la formaci\u00f3n de nuevos elementos, as\u00ed como para robustecer las estrategias conjuntas que se implementan en el estado, con el objetivo de garantizar la tranquilidad de las familias potosinas.<\/p>\n<p data-start=\"4656\" data-end=\"4950\">La titular Ana Sof\u00eda Aguilar Rodr\u00edguez destac\u00f3 que las y los integrantes de las corporaciones policiales se conducen con disciplina, vocaci\u00f3n de servicio y un firme compromiso con la protecci\u00f3n de la ciudadan\u00eda, lo que ha contribuido a fortalecer la confianza en las instituciones de seguridad.<\/p>\n<p data-start=\"4952\" data-end=\"5143\">Asimismo, subray\u00f3 que la coordinaci\u00f3n interinstitucional permite optimizar recursos, mejorar la capacidad de respuesta y generar acciones m\u00e1s eficaces en el combate a la incidencia delictiva.<\/p>\n<p data-start=\"5145\" data-end=\"5415\">El Gobierno de San Luis Potos\u00ed contin\u00faa impulsando una pol\u00edtica de seguridad integral, basada en la cooperaci\u00f3n entre \u00f3rdenes de gobierno y en el fortalecimiento de las instituciones, consolidando as\u00ed un entorno de estabilidad, paz social y respeto al Estado de Derecho.<\/p>\n","protected":false},"excerpt":{"rendered":"<p>La seguridad en San Luis Potos\u00ed se fortalece a trav\u00e9s de una coordinaci\u00f3n efectiva entre el Gobierno del Estado y las instituciones federales, una estrategia que se consolida con el relevo en la direcci\u00f3n de la Academia de la Guardia Nacional, ahora encabezada por Israel Abraham Cuadros Rojas. En seguimiento a la instrucci\u00f3n del gobernador [&hellip;]<\/p>\n","protected":false},"author":4,"featured_media":160,"comment_status":"open","ping_status":"open","sticky":false,"template":"","format":"standard","meta":{"footnotes":""},"categories":[13],"tags":[],"class_list":["post-159","post","type-post","status-publish","format-standard","has-post-thumbnail","hentry","category-politica"],"_links":{"self":[{"href":"https:\/\/destacado.com.mx\/index.php\/wp-json\/wp\/v2\/posts\/159","targetHints":{"allow":["GET"]}}],"collection":[{"href":"https:\/\/destacado.com.mx\/index.php\/wp-json\/wp\/v2\/posts"}],"about":[{"href":"https:\/\/destacado.com.mx\/index.php\/wp-json\/wp\/v2\/types\/post"}],"author":[{"embeddable":true,"href":"https:\/\/destacado.com.mx\/index.php\/wp-json\/wp\/v2\/users\/4"}],"replies":[{"embeddable":true,"href":"https:\/\/destacado.com.mx\/index.php\/wp-json\/wp\/v2\/comments?post=159"}],"version-history":[{"count":1,"href":"https:\/\/destacado.com.mx\/index.php\/wp-json\/wp\/v2\/posts\/159\/revisions"}],"predecessor-version":[{"id":161,"href":"https:\/\/destacado.com.mx\/index.php\/wp-json\/wp\/v2\/posts\/159\/revisions\/161"}],"wp:featuredmedia":[{"embeddable":true,"href":"https:\/\/destacado.com.mx\/index.php\/wp-json\/wp\/v2\/media\/160"}],"wp:attachment":[{"href":"https:\/\/destacado.com.mx\/index.php\/wp-json\/wp\/v2\/media?parent=159"}],"wp:term":[{"taxonomy":"category","embeddable":true,"href":"https:\/\/destacado.com.mx\/index.php\/wp-json\/wp\/v2\/categories?post=159"},{"taxonomy":"post_tag","embeddable":true,"href":"https:\/\/destacado.com.mx\/index.php\/wp-json\/wp\/v2\/tags?post=159"}],"curies":[{"name":"wp","href":"https:\/\/api.w.org\/{rel}","templated":true}]}}