
{"id":1621,"date":"2026-08-16T05:17:13","date_gmt":"2026-08-16T05:17:13","guid":{"rendered":"https:\/\/destacado.com.mx\/?p=1621"},"modified":"2026-08-16T05:17:13","modified_gmt":"2026-08-16T05:17:13","slug":"ruth-gonzalez-silva-celebra-el-talento-de-jovenes-que-hacen-grande-a-san-luis-potosi","status":"publish","type":"post","link":"https:\/\/destacado.com.mx\/index.php\/2026\/08\/16\/ruth-gonzalez-silva-celebra-el-talento-de-jovenes-que-hacen-grande-a-san-luis-potosi\/","title":{"rendered":"Ruth Gonz\u00e1lez Silva celebra el talento de j\u00f3venes que hacen grande a San Luis Potos\u00ed"},"content":{"rendered":"<h3 class=\"PDq2pG_selectionAnchorContainer\" data-start=\"1792\" data-end=\"1883\"><\/h3>\n<p data-start=\"1885\" data-end=\"2063\">La senadora Ruth Gonz\u00e1lez Silva comparti\u00f3 una jornada llena de entusiasmo con j\u00f3venes potosinos durante el Encuentro Estatal celebrado en el marco del D\u00eda Mundial de la Juventud.<\/p>\n<p data-start=\"2065\" data-end=\"2279\">Para la legisladora, coincidir con tantas mujeres y hombres j\u00f3venes talentosos y comprometidos representa una oportunidad para reconocer el enorme potencial que existe en las nuevas generaciones de San Luis Potos\u00ed.<\/p>\n<p data-start=\"2281\" data-end=\"2480\">Durante el encuentro prevaleci\u00f3 un ambiente de participaci\u00f3n y convivencia, donde Ruth Gonz\u00e1lez pudo mantener contacto directo con quienes est\u00e1n construyendo nuevas ideas y proyectos para su entorno.<\/p>\n<p data-start=\"2482\" data-end=\"2666\">La senadora agradeci\u00f3 el c\u00e1lido recibimiento y asegur\u00f3 que continuar\u00e1 acompa\u00f1ando a las juventudes, convencida de que sus ideas y participaci\u00f3n son fundamentales para seguir avanzando.<\/p>\n","protected":false},"excerpt":{"rendered":"<p>La senadora Ruth Gonz\u00e1lez Silva comparti\u00f3 una jornada llena de entusiasmo con j\u00f3venes potosinos durante el Encuentro Estatal celebrado en el marco del D\u00eda Mundial de la Juventud. Para la legisladora, coincidir con tantas mujeres y hombres j\u00f3venes talentosos y comprometidos representa una oportunidad para reconocer el enorme potencial que existe en las nuevas generaciones [&hellip;]<\/p>\n","protected":false},"author":4,"featured_media":1617,"comment_status":"open","ping_status":"open","sticky":false,"template":"","format":"standard","meta":{"footnotes":""},"categories":[1],"tags":[],"class_list":["post-1621","post","type-post","status-publish","format-standard","has-post-thumbnail","hentry","category-uncategorized"],"_links":{"self":[{"href":"https:\/\/destacado.com.mx\/index.php\/wp-json\/wp\/v2\/posts\/1621","targetHints":{"allow":["GET"]}}],"collection":[{"href":"https:\/\/destacado.com.mx\/index.php\/wp-json\/wp\/v2\/posts"}],"about":[{"href":"https:\/\/destacado.com.mx\/index.php\/wp-json\/wp\/v2\/types\/post"}],"author":[{"embeddable":true,"href":"https:\/\/destacado.com.mx\/index.php\/wp-json\/wp\/v2\/users\/4"}],"replies":[{"embeddable":true,"href":"https:\/\/destacado.com.mx\/index.php\/wp-json\/wp\/v2\/comments?post=1621"}],"version-history":[{"count":1,"href":"https:\/\/destacado.com.mx\/index.php\/wp-json\/wp\/v2\/posts\/1621\/revisions"}],"predecessor-version":[{"id":1622,"href":"https:\/\/destacado.com.mx\/index.php\/wp-json\/wp\/v2\/posts\/1621\/revisions\/1622"}],"wp:featuredmedia":[{"embeddable":true,"href":"https:\/\/destacado.com.mx\/index.php\/wp-json\/wp\/v2\/media\/1617"}],"wp:attachment":[{"href":"https:\/\/destacado.com.mx\/index.php\/wp-json\/wp\/v2\/media?parent=1621"}],"wp:term":[{"taxonomy":"category","embeddable":true,"href":"https:\/\/destacado.com.mx\/index.php\/wp-json\/wp\/v2\/categories?post=1621"},{"taxonomy":"post_tag","embeddable":true,"href":"https:\/\/destacado.com.mx\/index.php\/wp-json\/wp\/v2\/tags?post=1621"}],"curies":[{"name":"wp","href":"https:\/\/api.w.org\/{rel}","templated":true}]}}