
{"id":1664,"date":"2026-08-21T05:55:14","date_gmt":"2026-08-21T05:55:14","guid":{"rendered":"https:\/\/destacado.com.mx\/?p=1664"},"modified":"2026-08-21T05:55:14","modified_gmt":"2026-08-21T05:55:14","slug":"ricardo-gallardo-lleva-la-gastronomia-y-el-orgullo-de-villa-de-pozos-a-la-gran-fiesta-potosina","status":"publish","type":"post","link":"https:\/\/destacado.com.mx\/index.php\/2026\/08\/21\/ricardo-gallardo-lleva-la-gastronomia-y-el-orgullo-de-villa-de-pozos-a-la-gran-fiesta-potosina\/","title":{"rendered":"Ricardo Gallardo lleva la gastronom\u00eda y el orgullo de Villa de Pozos a la gran fiesta potosina"},"content":{"rendered":"<p class=\"PDq2pG_selectionAnchorContainer\" data-start=\"1865\" data-end=\"1966\">\n<p data-start=\"1968\" data-end=\"2215\">El gobernador Ricardo Gallardo Cardona celebr\u00f3 junto a las familias el D\u00eda de la Garnacha en la FENAPO, una jornada que tuvo como anfitri\u00f3n a Villa de Pozos y que permiti\u00f3 destacar una de las expresiones gastron\u00f3micas m\u00e1s queridas de su comunidad.<\/p>\n<p data-start=\"2217\" data-end=\"2404\">La actividad forma parte de la visi\u00f3n del mandatario de convertir la feria en un espacio donde tambi\u00e9n se reconozca el trabajo, las tradiciones y la identidad de los municipios potosinos.<\/p>\n<p data-start=\"2406\" data-end=\"2585\">Ricardo Gallardo destac\u00f3 que estos encuentros generan convivencia, fortalecen el turismo y abren oportunidades para que comerciantes y productores locales tengan mayor proyecci\u00f3n.<\/p>\n<p data-start=\"2587\" data-end=\"2775\">Con diversi\u00f3n, sabores y actividades para toda la familia, la celebraci\u00f3n reafirm\u00f3 el car\u00e1cter cercano y popular de una FENAPO que sigue dando espacio a las tradiciones de San Luis Potos\u00ed.<\/p>\n","protected":false},"excerpt":{"rendered":"<p>El gobernador Ricardo Gallardo Cardona celebr\u00f3 junto a las familias el D\u00eda de la Garnacha en la FENAPO, una jornada que tuvo como anfitri\u00f3n a Villa de Pozos y que permiti\u00f3 destacar una de las expresiones gastron\u00f3micas m\u00e1s queridas de su comunidad. La actividad forma parte de la visi\u00f3n del mandatario de convertir la feria [&hellip;]<\/p>\n","protected":false},"author":4,"featured_media":1665,"comment_status":"open","ping_status":"open","sticky":false,"template":"","format":"standard","meta":{"footnotes":""},"categories":[1],"tags":[],"class_list":["post-1664","post","type-post","status-publish","format-standard","has-post-thumbnail","hentry","category-uncategorized"],"_links":{"self":[{"href":"https:\/\/destacado.com.mx\/index.php\/wp-json\/wp\/v2\/posts\/1664","targetHints":{"allow":["GET"]}}],"collection":[{"href":"https:\/\/destacado.com.mx\/index.php\/wp-json\/wp\/v2\/posts"}],"about":[{"href":"https:\/\/destacado.com.mx\/index.php\/wp-json\/wp\/v2\/types\/post"}],"author":[{"embeddable":true,"href":"https:\/\/destacado.com.mx\/index.php\/wp-json\/wp\/v2\/users\/4"}],"replies":[{"embeddable":true,"href":"https:\/\/destacado.com.mx\/index.php\/wp-json\/wp\/v2\/comments?post=1664"}],"version-history":[{"count":1,"href":"https:\/\/destacado.com.mx\/index.php\/wp-json\/wp\/v2\/posts\/1664\/revisions"}],"predecessor-version":[{"id":1668,"href":"https:\/\/destacado.com.mx\/index.php\/wp-json\/wp\/v2\/posts\/1664\/revisions\/1668"}],"wp:featuredmedia":[{"embeddable":true,"href":"https:\/\/destacado.com.mx\/index.php\/wp-json\/wp\/v2\/media\/1665"}],"wp:attachment":[{"href":"https:\/\/destacado.com.mx\/index.php\/wp-json\/wp\/v2\/media?parent=1664"}],"wp:term":[{"taxonomy":"category","embeddable":true,"href":"https:\/\/destacado.com.mx\/index.php\/wp-json\/wp\/v2\/categories?post=1664"},{"taxonomy":"post_tag","embeddable":true,"href":"https:\/\/destacado.com.mx\/index.php\/wp-json\/wp\/v2\/tags?post=1664"}],"curies":[{"name":"wp","href":"https:\/\/api.w.org\/{rel}","templated":true}]}}