
{"id":1674,"date":"2026-08-22T19:06:22","date_gmt":"2026-08-22T19:06:22","guid":{"rendered":"https:\/\/destacado.com.mx\/?p=1674"},"modified":"2026-08-22T19:06:22","modified_gmt":"2026-08-22T19:06:22","slug":"ricardo-gallardo-convierte-la-fenapo-en-una-gran-celebracion-de-las-raices-potosinas","status":"publish","type":"post","link":"https:\/\/destacado.com.mx\/index.php\/2026\/08\/22\/ricardo-gallardo-convierte-la-fenapo-en-una-gran-celebracion-de-las-raices-potosinas\/","title":{"rendered":"Ricardo Gallardo convierte la FENAPO en una gran celebraci\u00f3n de las ra\u00edces potosinas"},"content":{"rendered":"<p class=\"PDq2pG_selectionAnchorContainer\" data-start=\"1868\" data-end=\"1959\">\n<p data-start=\"1961\" data-end=\"2195\">Tradici\u00f3n, gastronom\u00eda y convivencia se combinaron durante el D\u00eda de la Garnacha, donde el gobernador Ricardo Gallardo Cardona celebr\u00f3 junto a las familias de Soledad de Graciano S\u00e1nchez una de las jornadas m\u00e1s esperadas de la FENAPO.<\/p>\n<p data-start=\"2197\" data-end=\"2401\">El mandatario disfrut\u00f3 de las tradicionales enchiladas potosinas, convivi\u00f3 con las y los asistentes y hasta se sum\u00f3 al baile, fortaleciendo el ambiente cercano y familiar que caracteriza esta celebraci\u00f3n.<\/p>\n<p data-start=\"2403\" data-end=\"2592\">Ricardo Gallardo impulsa una FENAPO que, adem\u00e1s de ofrecer grandes espect\u00e1culos, abre sus puertas a las expresiones culturales y gastron\u00f3micas que dan identidad y orgullo a San Luis Potos\u00ed.<\/p>\n<p data-start=\"2594\" data-end=\"2759\">La presencia de Soledad permiti\u00f3 presumir ante miles de visitantes una tradici\u00f3n que trasciende generaciones y que forma parte del sabor inconfundible de la entidad.<\/p>\n","protected":false},"excerpt":{"rendered":"<p>Tradici\u00f3n, gastronom\u00eda y convivencia se combinaron durante el D\u00eda de la Garnacha, donde el gobernador Ricardo Gallardo Cardona celebr\u00f3 junto a las familias de Soledad de Graciano S\u00e1nchez una de las jornadas m\u00e1s esperadas de la FENAPO. El mandatario disfrut\u00f3 de las tradicionales enchiladas potosinas, convivi\u00f3 con las y los asistentes y hasta se sum\u00f3 [&hellip;]<\/p>\n","protected":false},"author":4,"featured_media":1677,"comment_status":"open","ping_status":"open","sticky":false,"template":"","format":"standard","meta":{"footnotes":""},"categories":[1],"tags":[],"class_list":["post-1674","post","type-post","status-publish","format-standard","has-post-thumbnail","hentry","category-uncategorized"],"_links":{"self":[{"href":"https:\/\/destacado.com.mx\/index.php\/wp-json\/wp\/v2\/posts\/1674","targetHints":{"allow":["GET"]}}],"collection":[{"href":"https:\/\/destacado.com.mx\/index.php\/wp-json\/wp\/v2\/posts"}],"about":[{"href":"https:\/\/destacado.com.mx\/index.php\/wp-json\/wp\/v2\/types\/post"}],"author":[{"embeddable":true,"href":"https:\/\/destacado.com.mx\/index.php\/wp-json\/wp\/v2\/users\/4"}],"replies":[{"embeddable":true,"href":"https:\/\/destacado.com.mx\/index.php\/wp-json\/wp\/v2\/comments?post=1674"}],"version-history":[{"count":1,"href":"https:\/\/destacado.com.mx\/index.php\/wp-json\/wp\/v2\/posts\/1674\/revisions"}],"predecessor-version":[{"id":1678,"href":"https:\/\/destacado.com.mx\/index.php\/wp-json\/wp\/v2\/posts\/1674\/revisions\/1678"}],"wp:featuredmedia":[{"embeddable":true,"href":"https:\/\/destacado.com.mx\/index.php\/wp-json\/wp\/v2\/media\/1677"}],"wp:attachment":[{"href":"https:\/\/destacado.com.mx\/index.php\/wp-json\/wp\/v2\/media?parent=1674"}],"wp:term":[{"taxonomy":"category","embeddable":true,"href":"https:\/\/destacado.com.mx\/index.php\/wp-json\/wp\/v2\/categories?post=1674"},{"taxonomy":"post_tag","embeddable":true,"href":"https:\/\/destacado.com.mx\/index.php\/wp-json\/wp\/v2\/tags?post=1674"}],"curies":[{"name":"wp","href":"https:\/\/api.w.org\/{rel}","templated":true}]}}