
{"id":1700,"date":"2026-08-24T04:39:18","date_gmt":"2026-08-24T04:39:18","guid":{"rendered":"https:\/\/destacado.com.mx\/?p=1700"},"modified":"2026-08-24T04:39:18","modified_gmt":"2026-08-24T04:39:18","slug":"ricardo-gallardo-fortalece-educacion-de-excelencia-alumnas-del-cobach-hacen-historia-en-costa-rica","status":"publish","type":"post","link":"https:\/\/destacado.com.mx\/index.php\/2026\/08\/24\/ricardo-gallardo-fortalece-educacion-de-excelencia-alumnas-del-cobach-hacen-historia-en-costa-rica\/","title":{"rendered":"Ricardo Gallardo fortalece educaci\u00f3n de excelencia; alumnas del COBACH hacen historia en Costa Rica"},"content":{"rendered":"<h3 class=\"PDq2pG_selectionAnchorContainer\" data-start=\"2191\" data-end=\"2297\"><\/h3>\n<p data-start=\"2299\" data-end=\"2515\">El talento de las juventudes potosinas volvi\u00f3 a brillar fuera de M\u00e9xico con el hist\u00f3rico tercer lugar internacional alcanzado por tres estudiantes del COBACH Plantel 15 \u00c9bano en ExpoCiencias Nacional Costa Rica 2026.<\/p>\n<p data-start=\"2517\" data-end=\"2856\">El logro de Flor Stephanie Garc\u00eda Alonso, Martha Susana Vera S\u00e1nchez y Vania Hern\u00e1ndez Calacuayo representa tambi\u00e9n el resultado de una estrategia educativa que, bajo el Gobierno de Ricardo Gallardo Cardona, busca brindar herramientas para que las y los estudiantes desarrollen proyectos innovadores y compitan en escenarios de alto nivel.<\/p>\n<p data-start=\"2858\" data-end=\"3068\">AgroBioPlast destac\u00f3 por transformar c\u00e1scaras de mel\u00f3n y sand\u00eda en biopl\u00e1sticos biodegradables, combinando conocimiento cient\u00edfico, innovaci\u00f3n y responsabilidad ambiental para plantear una soluci\u00f3n sustentable.<\/p>\n<p data-start=\"3070\" data-end=\"3280\">Las j\u00f3venes regresaron a San Luis Potos\u00ed entre aplausos y reconocimientos, convertidas en ejemplo de una generaci\u00f3n que, con preparaci\u00f3n y respaldo, est\u00e1 demostrando que el talento potosino no conoce fronteras.<\/p>\n","protected":false},"excerpt":{"rendered":"<p>El talento de las juventudes potosinas volvi\u00f3 a brillar fuera de M\u00e9xico con el hist\u00f3rico tercer lugar internacional alcanzado por tres estudiantes del COBACH Plantel 15 \u00c9bano en ExpoCiencias Nacional Costa Rica 2026. El logro de Flor Stephanie Garc\u00eda Alonso, Martha Susana Vera S\u00e1nchez y Vania Hern\u00e1ndez Calacuayo representa tambi\u00e9n el resultado de una estrategia [&hellip;]<\/p>\n","protected":false},"author":4,"featured_media":1695,"comment_status":"open","ping_status":"open","sticky":false,"template":"","format":"standard","meta":{"footnotes":""},"categories":[1],"tags":[],"class_list":["post-1700","post","type-post","status-publish","format-standard","has-post-thumbnail","hentry","category-uncategorized"],"_links":{"self":[{"href":"https:\/\/destacado.com.mx\/index.php\/wp-json\/wp\/v2\/posts\/1700","targetHints":{"allow":["GET"]}}],"collection":[{"href":"https:\/\/destacado.com.mx\/index.php\/wp-json\/wp\/v2\/posts"}],"about":[{"href":"https:\/\/destacado.com.mx\/index.php\/wp-json\/wp\/v2\/types\/post"}],"author":[{"embeddable":true,"href":"https:\/\/destacado.com.mx\/index.php\/wp-json\/wp\/v2\/users\/4"}],"replies":[{"embeddable":true,"href":"https:\/\/destacado.com.mx\/index.php\/wp-json\/wp\/v2\/comments?post=1700"}],"version-history":[{"count":1,"href":"https:\/\/destacado.com.mx\/index.php\/wp-json\/wp\/v2\/posts\/1700\/revisions"}],"predecessor-version":[{"id":1701,"href":"https:\/\/destacado.com.mx\/index.php\/wp-json\/wp\/v2\/posts\/1700\/revisions\/1701"}],"wp:featuredmedia":[{"embeddable":true,"href":"https:\/\/destacado.com.mx\/index.php\/wp-json\/wp\/v2\/media\/1695"}],"wp:attachment":[{"href":"https:\/\/destacado.com.mx\/index.php\/wp-json\/wp\/v2\/media?parent=1700"}],"wp:term":[{"taxonomy":"category","embeddable":true,"href":"https:\/\/destacado.com.mx\/index.php\/wp-json\/wp\/v2\/categories?post=1700"},{"taxonomy":"post_tag","embeddable":true,"href":"https:\/\/destacado.com.mx\/index.php\/wp-json\/wp\/v2\/tags?post=1700"}],"curies":[{"name":"wp","href":"https:\/\/api.w.org\/{rel}","templated":true}]}}