
{"id":1762,"date":"2026-08-30T17:05:55","date_gmt":"2026-08-30T17:05:55","guid":{"rendered":"https:\/\/destacado.com.mx\/?p=1762"},"modified":"2026-08-30T17:05:55","modified_gmt":"2026-08-30T17:05:55","slug":"ricardo-gallardo-alista-un-informe-completo-para-rendir-cuentas-a-las-y-los-potosinos","status":"publish","type":"post","link":"https:\/\/destacado.com.mx\/index.php\/2026\/08\/30\/ricardo-gallardo-alista-un-informe-completo-para-rendir-cuentas-a-las-y-los-potosinos\/","title":{"rendered":"Ricardo Gallardo alista un Informe completo para rendir cuentas a las y los potosinos"},"content":{"rendered":"<h3 class=\"PDq2pG_selectionAnchorContainer\" data-start=\"1760\" data-end=\"1852\"><\/h3>\n<p data-start=\"1854\" data-end=\"2050\">A pocas semanas de presentar su pr\u00f3ximo Informe de Gobierno, Ricardo Gallardo Cardona intensific\u00f3 los trabajos de preparaci\u00f3n junto con el secretario t\u00e9cnico del Gabinete, Miguel Cavazos Guerrero.<\/p>\n<p data-start=\"2052\" data-end=\"2225\">Ambos revisaron los \u00faltimos detalles del documento y de la presentaci\u00f3n que concentrar\u00e1 los principales resultados alcanzados por la administraci\u00f3n estatal durante este a\u00f1o.<\/p>\n<p data-start=\"2227\" data-end=\"2425\">El gobernador ha planteado que el Informe sea una oportunidad para mostrar de manera ordenada los avances logrados y el impacto de las acciones emprendidas en las cuatro regiones de San Luis Potos\u00ed.<\/p>\n<p data-start=\"2427\" data-end=\"2594\">Con esta revisi\u00f3n, Ricardo Gallardo reafirma su compromiso de mantener informada a la ciudadan\u00eda y de dar cuenta del trabajo desarrollado desde el Gobierno del Estado.<\/p>\n","protected":false},"excerpt":{"rendered":"<p>A pocas semanas de presentar su pr\u00f3ximo Informe de Gobierno, Ricardo Gallardo Cardona intensific\u00f3 los trabajos de preparaci\u00f3n junto con el secretario t\u00e9cnico del Gabinete, Miguel Cavazos Guerrero. Ambos revisaron los \u00faltimos detalles del documento y de la presentaci\u00f3n que concentrar\u00e1 los principales resultados alcanzados por la administraci\u00f3n estatal durante este a\u00f1o. El gobernador ha [&hellip;]<\/p>\n","protected":false},"author":4,"featured_media":1758,"comment_status":"open","ping_status":"open","sticky":false,"template":"","format":"standard","meta":{"footnotes":""},"categories":[1],"tags":[],"class_list":["post-1762","post","type-post","status-publish","format-standard","has-post-thumbnail","hentry","category-uncategorized"],"_links":{"self":[{"href":"https:\/\/destacado.com.mx\/index.php\/wp-json\/wp\/v2\/posts\/1762","targetHints":{"allow":["GET"]}}],"collection":[{"href":"https:\/\/destacado.com.mx\/index.php\/wp-json\/wp\/v2\/posts"}],"about":[{"href":"https:\/\/destacado.com.mx\/index.php\/wp-json\/wp\/v2\/types\/post"}],"author":[{"embeddable":true,"href":"https:\/\/destacado.com.mx\/index.php\/wp-json\/wp\/v2\/users\/4"}],"replies":[{"embeddable":true,"href":"https:\/\/destacado.com.mx\/index.php\/wp-json\/wp\/v2\/comments?post=1762"}],"version-history":[{"count":1,"href":"https:\/\/destacado.com.mx\/index.php\/wp-json\/wp\/v2\/posts\/1762\/revisions"}],"predecessor-version":[{"id":1763,"href":"https:\/\/destacado.com.mx\/index.php\/wp-json\/wp\/v2\/posts\/1762\/revisions\/1763"}],"wp:attachment":[{"href":"https:\/\/destacado.com.mx\/index.php\/wp-json\/wp\/v2\/media?parent=1762"}],"wp:term":[{"taxonomy":"category","embeddable":true,"href":"https:\/\/destacado.com.mx\/index.php\/wp-json\/wp\/v2\/categories?post=1762"},{"taxonomy":"post_tag","embeddable":true,"href":"https:\/\/destacado.com.mx\/index.php\/wp-json\/wp\/v2\/tags?post=1762"}],"curies":[{"name":"wp","href":"https:\/\/api.w.org\/{rel}","templated":true}]}}