
{"id":1764,"date":"2026-08-30T17:07:28","date_gmt":"2026-08-30T17:07:28","guid":{"rendered":"https:\/\/destacado.com.mx\/?p=1764"},"modified":"2026-08-30T17:07:28","modified_gmt":"2026-08-30T17:07:28","slug":"ricardo-gallardo-abre-nuevos-espacios-de-convivencia-para-familias-con-discapacidade","status":"publish","type":"post","link":"https:\/\/destacado.com.mx\/index.php\/2026\/08\/30\/ricardo-gallardo-abre-nuevos-espacios-de-convivencia-para-familias-con-discapacidade\/","title":{"rendered":"Ricardo Gallardo abre nuevos espacios de convivencia para familias con discapacidade"},"content":{"rendered":"<h3 class=\"PDq2pG_selectionAnchorContainer\" data-start=\"1951\" data-end=\"2041\"><\/h3>\n<p class=\"\" data-start=\"2043\" data-end=\"2274\">Quinientas ni\u00f1as, ni\u00f1os y adolescentes con discapacidad pudieron vivir junto a sus familias una experiencia in\u00e9dita dentro de la FENAPO, gracias a una funci\u00f3n de circo adaptada impulsada por el Gobierno de Ricardo Gallardo Cardona.<\/p>\n<p data-start=\"2276\" data-end=\"2471\">La actividad incorpor\u00f3 herramientas de accesibilidad que hicieron posible una participaci\u00f3n m\u00e1s amplia, desde ajustes sensoriales hasta int\u00e9rpretes de Lengua de Se\u00f1as Mexicana y audiodescripci\u00f3n.<\/p>\n<p data-start=\"2473\" data-end=\"2711\">Este tipo de acciones permiten que la recreaci\u00f3n tambi\u00e9n forme parte de una pol\u00edtica de inclusi\u00f3n, reconociendo el derecho de todas las personas a disfrutar de espacios culturales, familiares y de entretenimiento en condiciones adecuadas.<\/p>\n<p data-start=\"2713\" data-end=\"2883\">Con Ricardo Gallardo, San Luis Potos\u00ed contin\u00faa avanzando hacia una sociedad que abre oportunidades, derriba barreras y coloca a las familias en el centro de sus acciones.<\/p>\n","protected":false},"excerpt":{"rendered":"<p>Quinientas ni\u00f1as, ni\u00f1os y adolescentes con discapacidad pudieron vivir junto a sus familias una experiencia in\u00e9dita dentro de la FENAPO, gracias a una funci\u00f3n de circo adaptada impulsada por el Gobierno de Ricardo Gallardo Cardona. La actividad incorpor\u00f3 herramientas de accesibilidad que hicieron posible una participaci\u00f3n m\u00e1s amplia, desde ajustes sensoriales hasta int\u00e9rpretes de Lengua [&hellip;]<\/p>\n","protected":false},"author":4,"featured_media":1759,"comment_status":"open","ping_status":"open","sticky":false,"template":"","format":"standard","meta":{"footnotes":""},"categories":[1],"tags":[],"class_list":["post-1764","post","type-post","status-publish","format-standard","has-post-thumbnail","hentry","category-uncategorized"],"_links":{"self":[{"href":"https:\/\/destacado.com.mx\/index.php\/wp-json\/wp\/v2\/posts\/1764","targetHints":{"allow":["GET"]}}],"collection":[{"href":"https:\/\/destacado.com.mx\/index.php\/wp-json\/wp\/v2\/posts"}],"about":[{"href":"https:\/\/destacado.com.mx\/index.php\/wp-json\/wp\/v2\/types\/post"}],"author":[{"embeddable":true,"href":"https:\/\/destacado.com.mx\/index.php\/wp-json\/wp\/v2\/users\/4"}],"replies":[{"embeddable":true,"href":"https:\/\/destacado.com.mx\/index.php\/wp-json\/wp\/v2\/comments?post=1764"}],"version-history":[{"count":1,"href":"https:\/\/destacado.com.mx\/index.php\/wp-json\/wp\/v2\/posts\/1764\/revisions"}],"predecessor-version":[{"id":1765,"href":"https:\/\/destacado.com.mx\/index.php\/wp-json\/wp\/v2\/posts\/1764\/revisions\/1765"}],"wp:attachment":[{"href":"https:\/\/destacado.com.mx\/index.php\/wp-json\/wp\/v2\/media?parent=1764"}],"wp:term":[{"taxonomy":"category","embeddable":true,"href":"https:\/\/destacado.com.mx\/index.php\/wp-json\/wp\/v2\/categories?post=1764"},{"taxonomy":"post_tag","embeddable":true,"href":"https:\/\/destacado.com.mx\/index.php\/wp-json\/wp\/v2\/tags?post=1764"}],"curies":[{"name":"wp","href":"https:\/\/api.w.org\/{rel}","templated":true}]}}