
{"id":186,"date":"2026-03-24T05:32:36","date_gmt":"2026-03-24T05:32:36","guid":{"rendered":"https:\/\/destacado.com.mx\/?p=186"},"modified":"2026-03-24T05:32:36","modified_gmt":"2026-03-24T05:32:36","slug":"gracias-a-la-coordinacion-impulsada-por-el-gobernador-encuentran-con-vida-a-siete-electricistas-en-matehuala","status":"publish","type":"post","link":"https:\/\/destacado.com.mx\/index.php\/2026\/03\/24\/gracias-a-la-coordinacion-impulsada-por-el-gobernador-encuentran-con-vida-a-siete-electricistas-en-matehuala\/","title":{"rendered":"Gracias a la coordinaci\u00f3n impulsada por el gobernador, encuentran con vida a siete electricistas en Matehuala"},"content":{"rendered":"<p data-start=\"2655\" data-end=\"2858\">La estrategia de coordinaci\u00f3n interinstitucional promovida por el gobernador de San Luis Potos\u00ed permiti\u00f3 que siete electricistas fueran encontrados con vida tras haber sido reportados como desaparecidos.<\/p>\n<p data-start=\"2860\" data-end=\"3055\">El caso activ\u00f3 la participaci\u00f3n de autoridades municipales, estatales y organismos especializados, quienes trabajaron de manera conjunta para ubicar a los trabajadores en el menor tiempo posible.<\/p>\n<p data-start=\"3057\" data-end=\"3202\">Los hombres, originarios de C\u00e1rdenas, hab\u00edan sido reportados como no localizados luego de perder comunicaci\u00f3n en la carretera Matehuala-C\u00e1rdenas.<\/p>\n<p data-start=\"3204\" data-end=\"3410\">El Gobierno Municipal de Matehuala reconoci\u00f3 que la suma de esfuerzos entre instancias fue determinante para lograr este resultado, destacando el enfoque de colaboraci\u00f3n que se ha fortalecido en la entidad.<\/p>\n<p data-start=\"3412\" data-end=\"3544\">Actualmente, los electricistas se encuentran en la Fiscal\u00eda estatal, mientras contin\u00faan las indagatorias para esclarecer los hechos.<\/p>\n","protected":false},"excerpt":{"rendered":"<p>La estrategia de coordinaci\u00f3n interinstitucional promovida por el gobernador de San Luis Potos\u00ed permiti\u00f3 que siete electricistas fueran encontrados con vida tras haber sido reportados como desaparecidos. El caso activ\u00f3 la participaci\u00f3n de autoridades municipales, estatales y organismos especializados, quienes trabajaron de manera conjunta para ubicar a los trabajadores en el menor tiempo posible. Los [&hellip;]<\/p>\n","protected":false},"author":4,"featured_media":187,"comment_status":"open","ping_status":"open","sticky":false,"template":"","format":"standard","meta":{"footnotes":""},"categories":[13],"tags":[],"class_list":["post-186","post","type-post","status-publish","format-standard","has-post-thumbnail","hentry","category-politica"],"_links":{"self":[{"href":"https:\/\/destacado.com.mx\/index.php\/wp-json\/wp\/v2\/posts\/186","targetHints":{"allow":["GET"]}}],"collection":[{"href":"https:\/\/destacado.com.mx\/index.php\/wp-json\/wp\/v2\/posts"}],"about":[{"href":"https:\/\/destacado.com.mx\/index.php\/wp-json\/wp\/v2\/types\/post"}],"author":[{"embeddable":true,"href":"https:\/\/destacado.com.mx\/index.php\/wp-json\/wp\/v2\/users\/4"}],"replies":[{"embeddable":true,"href":"https:\/\/destacado.com.mx\/index.php\/wp-json\/wp\/v2\/comments?post=186"}],"version-history":[{"count":1,"href":"https:\/\/destacado.com.mx\/index.php\/wp-json\/wp\/v2\/posts\/186\/revisions"}],"predecessor-version":[{"id":188,"href":"https:\/\/destacado.com.mx\/index.php\/wp-json\/wp\/v2\/posts\/186\/revisions\/188"}],"wp:featuredmedia":[{"embeddable":true,"href":"https:\/\/destacado.com.mx\/index.php\/wp-json\/wp\/v2\/media\/187"}],"wp:attachment":[{"href":"https:\/\/destacado.com.mx\/index.php\/wp-json\/wp\/v2\/media?parent=186"}],"wp:term":[{"taxonomy":"category","embeddable":true,"href":"https:\/\/destacado.com.mx\/index.php\/wp-json\/wp\/v2\/categories?post=186"},{"taxonomy":"post_tag","embeddable":true,"href":"https:\/\/destacado.com.mx\/index.php\/wp-json\/wp\/v2\/tags?post=186"}],"curies":[{"name":"wp","href":"https:\/\/api.w.org\/{rel}","templated":true}]}}