
{"id":198,"date":"2026-03-26T06:56:04","date_gmt":"2026-03-26T06:56:04","guid":{"rendered":"https:\/\/destacado.com.mx\/?p=198"},"modified":"2026-03-26T06:56:22","modified_gmt":"2026-03-26T06:56:22","slug":"bajo-investigacion-detenidos-en-matehuala-por-posible-relacion-con-desaparicion-de-trabajadores","status":"publish","type":"post","link":"https:\/\/destacado.com.mx\/index.php\/2026\/03\/26\/bajo-investigacion-detenidos-en-matehuala-por-posible-relacion-con-desaparicion-de-trabajadores\/","title":{"rendered":"Bajo investigaci\u00f3n, detenidos en Matehuala por posible relaci\u00f3n con desaparici\u00f3n de trabajadores"},"content":{"rendered":"<p data-start=\"2806\" data-end=\"3034\">Las indagatorias en torno a la detenci\u00f3n de dos hombres en Matehuala han dado un giro, luego de que surgieran indicios que podr\u00edan vincularlos con la privaci\u00f3n ilegal de la libertad de siete trabajadores originarios de C\u00e1rdenas.<\/p>\n<p data-start=\"3036\" data-end=\"3275\">Los detenidos, identificados como Pablo Ernesto \u201cN\u201d y Jorge \u201cN\u201d, este \u00faltimo director de la Polic\u00eda Municipal, fueron asegurados en posesi\u00f3n de diversas sustancias il\u00edcitas, lo que deriv\u00f3 inicialmente en cargos por delitos contra la salud.<\/p>\n<p data-start=\"3277\" data-end=\"3557\">No obstante, informaci\u00f3n obtenida a trav\u00e9s de fuentes cercanas al caso apunta a que ambos podr\u00edan tener relaci\u00f3n con un hecho que gener\u00f3 preocupaci\u00f3n en la regi\u00f3n, luego de que siete trabajadores fueran reportados como no localizados y posteriormente rescatados tras un operativo.<\/p>\n<p data-start=\"3559\" data-end=\"3742\">Las autoridades no han confirmado oficialmente esta posible conexi\u00f3n; sin embargo, los datos recabados durante las investigaciones han permitido integrarlos en las l\u00edneas de an\u00e1lisis.<\/p>\n<p data-start=\"3744\" data-end=\"3893\">La Fiscal\u00eda General del Estado contin\u00faa con las indagatorias para esclarecer los hechos y determinar el grado de responsabilidad de los involucrados.<\/p>\n","protected":false},"excerpt":{"rendered":"<p>Las indagatorias en torno a la detenci\u00f3n de dos hombres en Matehuala han dado un giro, luego de que surgieran indicios que podr\u00edan vincularlos con la privaci\u00f3n ilegal de la libertad de siete trabajadores originarios de C\u00e1rdenas. Los detenidos, identificados como Pablo Ernesto \u201cN\u201d y Jorge \u201cN\u201d, este \u00faltimo director de la Polic\u00eda Municipal, fueron [&hellip;]<\/p>\n","protected":false},"author":4,"featured_media":199,"comment_status":"open","ping_status":"open","sticky":false,"template":"","format":"standard","meta":{"footnotes":""},"categories":[13],"tags":[],"class_list":["post-198","post","type-post","status-publish","format-standard","has-post-thumbnail","hentry","category-politica"],"_links":{"self":[{"href":"https:\/\/destacado.com.mx\/index.php\/wp-json\/wp\/v2\/posts\/198","targetHints":{"allow":["GET"]}}],"collection":[{"href":"https:\/\/destacado.com.mx\/index.php\/wp-json\/wp\/v2\/posts"}],"about":[{"href":"https:\/\/destacado.com.mx\/index.php\/wp-json\/wp\/v2\/types\/post"}],"author":[{"embeddable":true,"href":"https:\/\/destacado.com.mx\/index.php\/wp-json\/wp\/v2\/users\/4"}],"replies":[{"embeddable":true,"href":"https:\/\/destacado.com.mx\/index.php\/wp-json\/wp\/v2\/comments?post=198"}],"version-history":[{"count":1,"href":"https:\/\/destacado.com.mx\/index.php\/wp-json\/wp\/v2\/posts\/198\/revisions"}],"predecessor-version":[{"id":200,"href":"https:\/\/destacado.com.mx\/index.php\/wp-json\/wp\/v2\/posts\/198\/revisions\/200"}],"wp:featuredmedia":[{"embeddable":true,"href":"https:\/\/destacado.com.mx\/index.php\/wp-json\/wp\/v2\/media\/199"}],"wp:attachment":[{"href":"https:\/\/destacado.com.mx\/index.php\/wp-json\/wp\/v2\/media?parent=198"}],"wp:term":[{"taxonomy":"category","embeddable":true,"href":"https:\/\/destacado.com.mx\/index.php\/wp-json\/wp\/v2\/categories?post=198"},{"taxonomy":"post_tag","embeddable":true,"href":"https:\/\/destacado.com.mx\/index.php\/wp-json\/wp\/v2\/tags?post=198"}],"curies":[{"name":"wp","href":"https:\/\/api.w.org\/{rel}","templated":true}]}}