
{"id":201,"date":"2026-03-26T08:51:48","date_gmt":"2026-03-26T08:51:48","guid":{"rendered":"https:\/\/destacado.com.mx\/?p=201"},"modified":"2026-03-26T08:51:48","modified_gmt":"2026-03-26T08:51:48","slug":"ricardo-gallardo-cardona-alcanza-56-8-de-aprobacion-y-se-ubica-entre-los-gobernadores-mejor-evaluados-de-mexico","status":"publish","type":"post","link":"https:\/\/destacado.com.mx\/index.php\/2026\/03\/26\/ricardo-gallardo-cardona-alcanza-56-8-de-aprobacion-y-se-ubica-entre-los-gobernadores-mejor-evaluados-de-mexico\/","title":{"rendered":"Ricardo Gallardo Cardona alcanza 56.8% de aprobaci\u00f3n y se ubica entre los gobernadores mejor evaluados de M\u00e9xico"},"content":{"rendered":"<p data-start=\"2833\" data-end=\"3080\">Con una aprobaci\u00f3n del 56.8 por ciento durante el mes de febrero, el gobernador Ricardo Gallardo Cardona se coloc\u00f3 en el cuarto lugar del ranking nacional elaborado por Mitofsky, destacando entre los mandatarios estatales mejor evaluados del pa\u00eds.<\/p>\n<p data-start=\"3082\" data-end=\"3251\">El crecimiento en su nivel de aprobaci\u00f3n responde a una combinaci\u00f3n de pol\u00edticas p\u00fablicas orientadas a resultados, que han impactado en distintos sectores de la entidad.<\/p>\n<p data-start=\"3253\" data-end=\"3481\">La estrategia en materia de seguridad ha sido uno de los pilares, al generar mejores condiciones para la poblaci\u00f3n, mientras que las obras de infraestructura han transformado la movilidad y la imagen urbana en diversas regiones.<\/p>\n<p data-start=\"3483\" data-end=\"3720\">En el \u00e1mbito social, los programas dirigidos a sectores espec\u00edficos han permitido ampliar la cobertura de apoyos y fortalecer el desarrollo comunitario. De manera paralela, la llegada de nuevas inversiones ha impulsado la econom\u00eda local.<\/p>\n<p data-start=\"3722\" data-end=\"3882\">Este posicionamiento confirma una tendencia favorable en la evaluaci\u00f3n ciudadana, consolidando al gobierno estatal como uno de los mejor calificados en el pa\u00eds.<\/p>\n","protected":false},"excerpt":{"rendered":"<p>Con una aprobaci\u00f3n del 56.8 por ciento durante el mes de febrero, el gobernador Ricardo Gallardo Cardona se coloc\u00f3 en el cuarto lugar del ranking nacional elaborado por Mitofsky, destacando entre los mandatarios estatales mejor evaluados del pa\u00eds. El crecimiento en su nivel de aprobaci\u00f3n responde a una combinaci\u00f3n de pol\u00edticas p\u00fablicas orientadas a resultados, [&hellip;]<\/p>\n","protected":false},"author":4,"featured_media":202,"comment_status":"open","ping_status":"open","sticky":false,"template":"","format":"standard","meta":{"footnotes":""},"categories":[13],"tags":[],"class_list":["post-201","post","type-post","status-publish","format-standard","has-post-thumbnail","hentry","category-politica"],"_links":{"self":[{"href":"https:\/\/destacado.com.mx\/index.php\/wp-json\/wp\/v2\/posts\/201","targetHints":{"allow":["GET"]}}],"collection":[{"href":"https:\/\/destacado.com.mx\/index.php\/wp-json\/wp\/v2\/posts"}],"about":[{"href":"https:\/\/destacado.com.mx\/index.php\/wp-json\/wp\/v2\/types\/post"}],"author":[{"embeddable":true,"href":"https:\/\/destacado.com.mx\/index.php\/wp-json\/wp\/v2\/users\/4"}],"replies":[{"embeddable":true,"href":"https:\/\/destacado.com.mx\/index.php\/wp-json\/wp\/v2\/comments?post=201"}],"version-history":[{"count":1,"href":"https:\/\/destacado.com.mx\/index.php\/wp-json\/wp\/v2\/posts\/201\/revisions"}],"predecessor-version":[{"id":203,"href":"https:\/\/destacado.com.mx\/index.php\/wp-json\/wp\/v2\/posts\/201\/revisions\/203"}],"wp:featuredmedia":[{"embeddable":true,"href":"https:\/\/destacado.com.mx\/index.php\/wp-json\/wp\/v2\/media\/202"}],"wp:attachment":[{"href":"https:\/\/destacado.com.mx\/index.php\/wp-json\/wp\/v2\/media?parent=201"}],"wp:term":[{"taxonomy":"category","embeddable":true,"href":"https:\/\/destacado.com.mx\/index.php\/wp-json\/wp\/v2\/categories?post=201"},{"taxonomy":"post_tag","embeddable":true,"href":"https:\/\/destacado.com.mx\/index.php\/wp-json\/wp\/v2\/tags?post=201"}],"curies":[{"name":"wp","href":"https:\/\/api.w.org\/{rel}","templated":true}]}}