
{"id":207,"date":"2026-03-26T08:57:08","date_gmt":"2026-03-26T08:57:08","guid":{"rendered":"https:\/\/destacado.com.mx\/?p=207"},"modified":"2026-03-26T08:57:08","modified_gmt":"2026-03-26T08:57:08","slug":"rescate-urbano-e-historico-gallardo-transforma-la-general-i-martinez-con-obra-integral","status":"publish","type":"post","link":"https:\/\/destacado.com.mx\/index.php\/2026\/03\/26\/rescate-urbano-e-historico-gallardo-transforma-la-general-i-martinez-con-obra-integral\/","title":{"rendered":"Rescate urbano e hist\u00f3rico: Gallardo transforma la General I. Mart\u00ednez con obra integral"},"content":{"rendered":"<p data-start=\"2874\" data-end=\"3100\">La transformaci\u00f3n de colonias en San Luis Potos\u00ed avanza con acciones concretas encabezadas por el gobernador Ricardo Gallardo Cardona, quien anunci\u00f3 obras que impactar\u00e1n directamente en la calidad de vida de miles de familias.<\/p>\n<p data-start=\"3102\" data-end=\"3375\">En la colonia General I. Mart\u00ednez, el mandatario puso en marcha una jornada del programa \u201cEnch\u00falame la Colonia\u201d, donde destac\u00f3 la construcci\u00f3n de un parque lineal en el R\u00edo Espa\u00f1ita, un proyecto que permitir\u00e1 recuperar espacios que anteriormente se encontraban en abandono.<\/p>\n<p data-start=\"3377\" data-end=\"3594\">A la par, inform\u00f3 sobre el rescate de \u201cLos Arquitos\u201d, una estructura hist\u00f3rica que form\u00f3 parte del acueducto de la ciudad, consolidando as\u00ed un proyecto que combina modernizaci\u00f3n urbana con preservaci\u00f3n del patrimonio.<\/p>\n<p data-start=\"3596\" data-end=\"3834\">Gallardo Cardona se\u00f1al\u00f3 que estas acciones incluyen tambi\u00e9n la mejora del alumbrado p\u00fablico, limpieza de drenajes, se\u00f1al\u00e9tica vial y fortalecimiento del suministro de agua potable, atendiendo de manera integral las necesidades de la zona.<\/p>\n<p data-start=\"3836\" data-end=\"4043\">El gobernador puntualiz\u00f3 que el despliegue de la Guardia Civil Estatal permitir\u00e1 reforzar la seguridad, generando condiciones para que las familias disfruten de espacios m\u00e1s funcionales, ordenados y seguros.<\/p>\n","protected":false},"excerpt":{"rendered":"<p>La transformaci\u00f3n de colonias en San Luis Potos\u00ed avanza con acciones concretas encabezadas por el gobernador Ricardo Gallardo Cardona, quien anunci\u00f3 obras que impactar\u00e1n directamente en la calidad de vida de miles de familias. En la colonia General I. Mart\u00ednez, el mandatario puso en marcha una jornada del programa \u201cEnch\u00falame la Colonia\u201d, donde destac\u00f3 la [&hellip;]<\/p>\n","protected":false},"author":4,"featured_media":208,"comment_status":"open","ping_status":"open","sticky":false,"template":"","format":"standard","meta":{"footnotes":""},"categories":[13],"tags":[],"class_list":["post-207","post","type-post","status-publish","format-standard","has-post-thumbnail","hentry","category-politica"],"_links":{"self":[{"href":"https:\/\/destacado.com.mx\/index.php\/wp-json\/wp\/v2\/posts\/207","targetHints":{"allow":["GET"]}}],"collection":[{"href":"https:\/\/destacado.com.mx\/index.php\/wp-json\/wp\/v2\/posts"}],"about":[{"href":"https:\/\/destacado.com.mx\/index.php\/wp-json\/wp\/v2\/types\/post"}],"author":[{"embeddable":true,"href":"https:\/\/destacado.com.mx\/index.php\/wp-json\/wp\/v2\/users\/4"}],"replies":[{"embeddable":true,"href":"https:\/\/destacado.com.mx\/index.php\/wp-json\/wp\/v2\/comments?post=207"}],"version-history":[{"count":1,"href":"https:\/\/destacado.com.mx\/index.php\/wp-json\/wp\/v2\/posts\/207\/revisions"}],"predecessor-version":[{"id":210,"href":"https:\/\/destacado.com.mx\/index.php\/wp-json\/wp\/v2\/posts\/207\/revisions\/210"}],"wp:featuredmedia":[{"embeddable":true,"href":"https:\/\/destacado.com.mx\/index.php\/wp-json\/wp\/v2\/media\/208"}],"wp:attachment":[{"href":"https:\/\/destacado.com.mx\/index.php\/wp-json\/wp\/v2\/media?parent=207"}],"wp:term":[{"taxonomy":"category","embeddable":true,"href":"https:\/\/destacado.com.mx\/index.php\/wp-json\/wp\/v2\/categories?post=207"},{"taxonomy":"post_tag","embeddable":true,"href":"https:\/\/destacado.com.mx\/index.php\/wp-json\/wp\/v2\/tags?post=207"}],"curies":[{"name":"wp","href":"https:\/\/api.w.org\/{rel}","templated":true}]}}