
{"id":219,"date":"2026-03-26T01:14:42","date_gmt":"2026-03-26T01:14:42","guid":{"rendered":"https:\/\/destacado.com.mx\/?p=219"},"modified":"2026-03-28T01:15:06","modified_gmt":"2026-03-28T01:15:06","slug":"aprobacion-del-plan-b-permitira-destinar-mas-recursos-a-obras-ruth-gonzalez","status":"publish","type":"post","link":"https:\/\/destacado.com.mx\/index.php\/2026\/03\/26\/aprobacion-del-plan-b-permitira-destinar-mas-recursos-a-obras-ruth-gonzalez\/","title":{"rendered":"Aprobaci\u00f3n del \u201cPlan B\u201d permitir\u00e1 destinar m\u00e1s recursos a obras: Ruth Gonz\u00e1lez"},"content":{"rendered":"<div class=\"flex flex-col text-sm pb-25\">\n<section class=\"text-token-text-primary w-full focus:outline-none [--shadow-height:45px] has-data-writing-block:pointer-events-none has-data-writing-block:-mt-(--shadow-height) has-data-writing-block:pt-(--shadow-height) [&amp;:has([data-writing-block])&gt;*]:pointer-events-auto scroll-mt-[calc(var(--header-height)+min(200px,max(70px,20svh)))]\" dir=\"auto\" data-turn-id=\"2e258f71-6700-4e13-829e-b803cedc70f2\" data-testid=\"conversation-turn-12\" data-scroll-anchor=\"true\" data-turn=\"assistant\">\n<div class=\"text-base my-auto mx-auto pb-10 [--thread-content-margin:var(--thread-content-margin-xs,calc(var(--spacing)*4))] @w-sm\/main:[--thread-content-margin:var(--thread-content-margin-sm,calc(var(--spacing)*6))] @w-lg\/main:[--thread-content-margin:var(--thread-content-margin-lg,calc(var(--spacing)*16))] px-(--thread-content-margin)\">\n<div class=\"[--thread-content-max-width:40rem] @w-lg\/main:[--thread-content-max-width:48rem] mx-auto max-w-(--thread-content-max-width) flex-1 group\/turn-messages focus-visible:outline-hidden relative flex w-full min-w-0 flex-col agent-turn\">\n<div class=\"flex max-w-full flex-col gap-4 grow\">\n<div class=\"min-h-8 text-message relative flex w-full flex-col items-end gap-2 text-start break-words whitespace-normal outline-none keyboard-focused:focus-ring [.text-message+&amp;]:mt-1\" dir=\"auto\" tabindex=\"0\" data-message-author-role=\"assistant\" data-message-id=\"2cfeae3c-d2c0-49e7-ba8f-1cf7c24f73b4\" data-turn-start-message=\"true\" data-message-model-slug=\"gpt-5-3\">\n<div class=\"flex w-full flex-col gap-1 empty:hidden\">\n<div class=\"markdown prose dark:prose-invert w-full wrap-break-word dark markdown-new-styling\">\n<p data-start=\"2008\" data-end=\"2217\">La aprobaci\u00f3n de la reforma electoral conocida como \u201cPlan B\u201d representa una oportunidad para canalizar mayores recursos a obras que impacten directamente a la poblaci\u00f3n, afirm\u00f3 la senadora Ruth Gonz\u00e1lez Silva.<\/p>\n<p data-start=\"2219\" data-end=\"2403\">Indic\u00f3 que el respaldo del PVEM a esta iniciativa confirma su papel como aliado de la Cuarta Transformaci\u00f3n y su compromiso con las propuestas de la presidenta Claudia Sheinbaum Pardo.<\/p>\n<p data-start=\"2405\" data-end=\"2608\">Gonz\u00e1lez Silva destac\u00f3 que la reducci\u00f3n de presupuestos en \u00f3rganos administrativos permitir\u00e1 liberar recursos que podr\u00e1n invertirse en infraestructura carretera, educativa y otros proyectos prioritarios.<\/p>\n<p data-start=\"2610\" data-end=\"2818\" data-is-last-node=\"\" data-is-only-node=\"\">Finalmente, reiter\u00f3 que esta reforma consolida la eliminaci\u00f3n de privilegios en el servicio p\u00fablico, al establecer l\u00edmites salariales y fortalecer un esquema de gobierno m\u00e1s austero y cercano a la ciudadan\u00eda.<\/p>\n<\/div>\n<\/div>\n<\/div>\n<\/div>\n<div class=\"z-0 flex min-h-[46px] justify-start\"><\/div>\n<\/div>\n<\/div>\n<\/section>\n<\/div>\n<div class=\"pointer-events-none h-px w-px absolute bottom-0\" aria-hidden=\"true\" data-edge=\"true\"><\/div>\n","protected":false},"excerpt":{"rendered":"<p>La aprobaci\u00f3n de la reforma electoral conocida como \u201cPlan B\u201d representa una oportunidad para canalizar mayores recursos a obras que impacten directamente a la poblaci\u00f3n, afirm\u00f3 la senadora Ruth Gonz\u00e1lez Silva. Indic\u00f3 que el respaldo del PVEM a esta iniciativa confirma su papel como aliado de la Cuarta Transformaci\u00f3n y su compromiso con las propuestas [&hellip;]<\/p>\n","protected":false},"author":4,"featured_media":220,"comment_status":"open","ping_status":"open","sticky":false,"template":"","format":"standard","meta":{"footnotes":""},"categories":[13],"tags":[],"class_list":["post-219","post","type-post","status-publish","format-standard","has-post-thumbnail","hentry","category-politica"],"_links":{"self":[{"href":"https:\/\/destacado.com.mx\/index.php\/wp-json\/wp\/v2\/posts\/219","targetHints":{"allow":["GET"]}}],"collection":[{"href":"https:\/\/destacado.com.mx\/index.php\/wp-json\/wp\/v2\/posts"}],"about":[{"href":"https:\/\/destacado.com.mx\/index.php\/wp-json\/wp\/v2\/types\/post"}],"author":[{"embeddable":true,"href":"https:\/\/destacado.com.mx\/index.php\/wp-json\/wp\/v2\/users\/4"}],"replies":[{"embeddable":true,"href":"https:\/\/destacado.com.mx\/index.php\/wp-json\/wp\/v2\/comments?post=219"}],"version-history":[{"count":1,"href":"https:\/\/destacado.com.mx\/index.php\/wp-json\/wp\/v2\/posts\/219\/revisions"}],"predecessor-version":[{"id":221,"href":"https:\/\/destacado.com.mx\/index.php\/wp-json\/wp\/v2\/posts\/219\/revisions\/221"}],"wp:featuredmedia":[{"embeddable":true,"href":"https:\/\/destacado.com.mx\/index.php\/wp-json\/wp\/v2\/media\/220"}],"wp:attachment":[{"href":"https:\/\/destacado.com.mx\/index.php\/wp-json\/wp\/v2\/media?parent=219"}],"wp:term":[{"taxonomy":"category","embeddable":true,"href":"https:\/\/destacado.com.mx\/index.php\/wp-json\/wp\/v2\/categories?post=219"},{"taxonomy":"post_tag","embeddable":true,"href":"https:\/\/destacado.com.mx\/index.php\/wp-json\/wp\/v2\/tags?post=219"}],"curies":[{"name":"wp","href":"https:\/\/api.w.org\/{rel}","templated":true}]}}