
{"id":307,"date":"2026-04-04T21:28:16","date_gmt":"2026-04-04T21:28:16","guid":{"rendered":"https:\/\/destacado.com.mx\/?p=307"},"modified":"2026-04-05T21:29:08","modified_gmt":"2026-04-05T21:29:08","slug":"fenae-2026-fortalece-economia-y-tradicion-con-respaldo-de-gallardo-y-ruth-gonzalez","status":"publish","type":"post","link":"https:\/\/destacado.com.mx\/index.php\/2026\/04\/04\/fenae-2026-fortalece-economia-y-tradicion-con-respaldo-de-gallardo-y-ruth-gonzalez\/","title":{"rendered":"FENAE 2026 fortalece econom\u00eda y tradici\u00f3n con respaldo de Gallardo y Ruth Gonz\u00e1lez"},"content":{"rendered":"<p data-start=\"1033\" data-end=\"1278\">La Feria Nacional de la Enchilada arranc\u00f3 su edici\u00f3n 2026 con la participaci\u00f3n del gobernador <span class=\"hover:entity-accent entity-underline inline cursor-pointer align-baseline\"><span class=\"whitespace-normal\">Ricardo Gallardo Cardona<\/span><\/span> y la senadora <span class=\"hover:entity-accent entity-underline inline cursor-pointer align-baseline\"><span class=\"whitespace-normal\">Ruth Gonz\u00e1lez Silva<\/span><\/span>, quienes destacaron el impacto social y econ\u00f3mico del evento.<\/p>\n<p data-start=\"1280\" data-end=\"1432\">La feria re\u00fane a miles de visitantes con una oferta que incluye gastronom\u00eda t\u00edpica, juegos mec\u00e1nicos gratuitos y espect\u00e1culos musicales de primer nivel.<\/p>\n<p data-start=\"1434\" data-end=\"1588\">Durante la inauguraci\u00f3n, se resalt\u00f3 que este tipo de eventos fortalecen el tejido social y generan oportunidades para productores y emprendedores locales.<\/p>\n<p data-start=\"1590\" data-end=\"1704\">Con una asistencia multitudinaria, la FENAE se consolida como una de las celebraciones m\u00e1s importantes del estado.<\/p>\n","protected":false},"excerpt":{"rendered":"<p>La Feria Nacional de la Enchilada arranc\u00f3 su edici\u00f3n 2026 con la participaci\u00f3n del gobernador Ricardo Gallardo Cardona y la senadora Ruth Gonz\u00e1lez Silva, quienes destacaron el impacto social y econ\u00f3mico del evento. La feria re\u00fane a miles de visitantes con una oferta que incluye gastronom\u00eda t\u00edpica, juegos mec\u00e1nicos gratuitos y espect\u00e1culos musicales de primer [&hellip;]<\/p>\n","protected":false},"author":4,"featured_media":308,"comment_status":"open","ping_status":"open","sticky":false,"template":"","format":"standard","meta":{"footnotes":""},"categories":[13],"tags":[],"class_list":["post-307","post","type-post","status-publish","format-standard","has-post-thumbnail","hentry","category-politica"],"_links":{"self":[{"href":"https:\/\/destacado.com.mx\/index.php\/wp-json\/wp\/v2\/posts\/307","targetHints":{"allow":["GET"]}}],"collection":[{"href":"https:\/\/destacado.com.mx\/index.php\/wp-json\/wp\/v2\/posts"}],"about":[{"href":"https:\/\/destacado.com.mx\/index.php\/wp-json\/wp\/v2\/types\/post"}],"author":[{"embeddable":true,"href":"https:\/\/destacado.com.mx\/index.php\/wp-json\/wp\/v2\/users\/4"}],"replies":[{"embeddable":true,"href":"https:\/\/destacado.com.mx\/index.php\/wp-json\/wp\/v2\/comments?post=307"}],"version-history":[{"count":1,"href":"https:\/\/destacado.com.mx\/index.php\/wp-json\/wp\/v2\/posts\/307\/revisions"}],"predecessor-version":[{"id":309,"href":"https:\/\/destacado.com.mx\/index.php\/wp-json\/wp\/v2\/posts\/307\/revisions\/309"}],"wp:featuredmedia":[{"embeddable":true,"href":"https:\/\/destacado.com.mx\/index.php\/wp-json\/wp\/v2\/media\/308"}],"wp:attachment":[{"href":"https:\/\/destacado.com.mx\/index.php\/wp-json\/wp\/v2\/media?parent=307"}],"wp:term":[{"taxonomy":"category","embeddable":true,"href":"https:\/\/destacado.com.mx\/index.php\/wp-json\/wp\/v2\/categories?post=307"},{"taxonomy":"post_tag","embeddable":true,"href":"https:\/\/destacado.com.mx\/index.php\/wp-json\/wp\/v2\/tags?post=307"}],"curies":[{"name":"wp","href":"https:\/\/api.w.org\/{rel}","templated":true}]}}