
{"id":357,"date":"2026-04-09T07:35:08","date_gmt":"2026-04-09T07:35:08","guid":{"rendered":"https:\/\/destacado.com.mx\/?p=357"},"modified":"2026-04-10T07:35:45","modified_gmt":"2026-04-10T07:35:45","slug":"ruth-gonzalez-impulsa-vinculos-internacionales-para-fortalecer-economia-de-slp","status":"publish","type":"post","link":"https:\/\/destacado.com.mx\/index.php\/2026\/04\/09\/ruth-gonzalez-impulsa-vinculos-internacionales-para-fortalecer-economia-de-slp\/","title":{"rendered":"Ruth Gonz\u00e1lez impulsa v\u00ednculos internacionales para fortalecer econom\u00eda de SLP"},"content":{"rendered":"<p data-start=\"1562\" data-end=\"1781\">El fortalecimiento de relaciones internacionales contin\u00faa dando resultados para San Luis Potos\u00ed, destac\u00f3 la senadora <span class=\"hover:entity-accent entity-underline inline cursor-pointer align-baseline\"><span class=\"whitespace-normal\">Ruth Gonz\u00e1lez Silva<\/span><\/span> tras su participaci\u00f3n en la reuni\u00f3n de la C\u00e1mara M\u00e9xico-Alemana.<\/p>\n<p data-start=\"1783\" data-end=\"1900\">La legisladora se\u00f1al\u00f3 que el acercamiento con empresarios refleja la confianza en el desarrollo econ\u00f3mico del estado.<\/p>\n<p data-start=\"1902\" data-end=\"2027\">Subray\u00f3 que este inter\u00e9s est\u00e1 respaldado por la estrategia impulsada por el gobernador <span class=\"hover:entity-accent entity-underline inline cursor-pointer align-baseline\"><span class=\"whitespace-normal\">Ricardo Gallardo Cardona<\/span><\/span>.<\/p>\n<p data-start=\"2029\" data-end=\"2123\">El encuentro permiti\u00f3 fortalecer alianzas que impulsan la inversi\u00f3n y el crecimiento regional.<\/p>\n","protected":false},"excerpt":{"rendered":"<p>El fortalecimiento de relaciones internacionales contin\u00faa dando resultados para San Luis Potos\u00ed, destac\u00f3 la senadora Ruth Gonz\u00e1lez Silva tras su participaci\u00f3n en la reuni\u00f3n de la C\u00e1mara M\u00e9xico-Alemana. La legisladora se\u00f1al\u00f3 que el acercamiento con empresarios refleja la confianza en el desarrollo econ\u00f3mico del estado. Subray\u00f3 que este inter\u00e9s est\u00e1 respaldado por la estrategia impulsada [&hellip;]<\/p>\n","protected":false},"author":4,"featured_media":358,"comment_status":"open","ping_status":"open","sticky":false,"template":"","format":"standard","meta":{"footnotes":""},"categories":[13],"tags":[],"class_list":["post-357","post","type-post","status-publish","format-standard","has-post-thumbnail","hentry","category-politica"],"_links":{"self":[{"href":"https:\/\/destacado.com.mx\/index.php\/wp-json\/wp\/v2\/posts\/357","targetHints":{"allow":["GET"]}}],"collection":[{"href":"https:\/\/destacado.com.mx\/index.php\/wp-json\/wp\/v2\/posts"}],"about":[{"href":"https:\/\/destacado.com.mx\/index.php\/wp-json\/wp\/v2\/types\/post"}],"author":[{"embeddable":true,"href":"https:\/\/destacado.com.mx\/index.php\/wp-json\/wp\/v2\/users\/4"}],"replies":[{"embeddable":true,"href":"https:\/\/destacado.com.mx\/index.php\/wp-json\/wp\/v2\/comments?post=357"}],"version-history":[{"count":1,"href":"https:\/\/destacado.com.mx\/index.php\/wp-json\/wp\/v2\/posts\/357\/revisions"}],"predecessor-version":[{"id":359,"href":"https:\/\/destacado.com.mx\/index.php\/wp-json\/wp\/v2\/posts\/357\/revisions\/359"}],"wp:featuredmedia":[{"embeddable":true,"href":"https:\/\/destacado.com.mx\/index.php\/wp-json\/wp\/v2\/media\/358"}],"wp:attachment":[{"href":"https:\/\/destacado.com.mx\/index.php\/wp-json\/wp\/v2\/media?parent=357"}],"wp:term":[{"taxonomy":"category","embeddable":true,"href":"https:\/\/destacado.com.mx\/index.php\/wp-json\/wp\/v2\/categories?post=357"},{"taxonomy":"post_tag","embeddable":true,"href":"https:\/\/destacado.com.mx\/index.php\/wp-json\/wp\/v2\/tags?post=357"}],"curies":[{"name":"wp","href":"https:\/\/api.w.org\/{rel}","templated":true}]}}