
{"id":390,"date":"2026-04-12T03:48:56","date_gmt":"2026-04-12T03:48:56","guid":{"rendered":"https:\/\/destacado.com.mx\/?p=390"},"modified":"2026-04-13T03:49:27","modified_gmt":"2026-04-13T03:49:27","slug":"coordinacion-estatal-permite-regreso-a-clases-ordenado-y-sin-incidencias-en-slp","status":"publish","type":"post","link":"https:\/\/destacado.com.mx\/index.php\/2026\/04\/12\/coordinacion-estatal-permite-regreso-a-clases-ordenado-y-sin-incidencias-en-slp\/","title":{"rendered":"Coordinaci\u00f3n estatal permite regreso a clases ordenado y sin incidencias en SLP"},"content":{"rendered":"<p data-start=\"1735\" data-end=\"1893\">San Luis Potos\u00ed se prepara para un regreso a clases seguro y organizado este lunes 13 de abril, con la participaci\u00f3n de autoridades educativas y de seguridad.<\/p>\n<p data-start=\"1895\" data-end=\"2052\">M\u00e1s de 8 mil planteles ser\u00e1n reactivados con la reincorporaci\u00f3n de estudiantes y docentes, en un esfuerzo que prioriza la protecci\u00f3n de la comunidad escolar.<\/p>\n<p data-start=\"2054\" data-end=\"2181\">Las acciones incluyen supervisi\u00f3n de instalaciones, vigilancia y medidas preventivas para evitar da\u00f1os o robos en las escuelas.<\/p>\n<p data-start=\"2183\" data-end=\"2312\">Autoridades destacaron que estas condiciones fortalecen el entorno educativo y permiten garantizar continuidad en el aprendizaje.<\/p>\n","protected":false},"excerpt":{"rendered":"<p>San Luis Potos\u00ed se prepara para un regreso a clases seguro y organizado este lunes 13 de abril, con la participaci\u00f3n de autoridades educativas y de seguridad. M\u00e1s de 8 mil planteles ser\u00e1n reactivados con la reincorporaci\u00f3n de estudiantes y docentes, en un esfuerzo que prioriza la protecci\u00f3n de la comunidad escolar. Las acciones incluyen [&hellip;]<\/p>\n","protected":false},"author":4,"featured_media":391,"comment_status":"open","ping_status":"open","sticky":false,"template":"","format":"standard","meta":{"footnotes":""},"categories":[13],"tags":[],"class_list":["post-390","post","type-post","status-publish","format-standard","has-post-thumbnail","hentry","category-politica"],"_links":{"self":[{"href":"https:\/\/destacado.com.mx\/index.php\/wp-json\/wp\/v2\/posts\/390","targetHints":{"allow":["GET"]}}],"collection":[{"href":"https:\/\/destacado.com.mx\/index.php\/wp-json\/wp\/v2\/posts"}],"about":[{"href":"https:\/\/destacado.com.mx\/index.php\/wp-json\/wp\/v2\/types\/post"}],"author":[{"embeddable":true,"href":"https:\/\/destacado.com.mx\/index.php\/wp-json\/wp\/v2\/users\/4"}],"replies":[{"embeddable":true,"href":"https:\/\/destacado.com.mx\/index.php\/wp-json\/wp\/v2\/comments?post=390"}],"version-history":[{"count":1,"href":"https:\/\/destacado.com.mx\/index.php\/wp-json\/wp\/v2\/posts\/390\/revisions"}],"predecessor-version":[{"id":392,"href":"https:\/\/destacado.com.mx\/index.php\/wp-json\/wp\/v2\/posts\/390\/revisions\/392"}],"wp:featuredmedia":[{"embeddable":true,"href":"https:\/\/destacado.com.mx\/index.php\/wp-json\/wp\/v2\/media\/391"}],"wp:attachment":[{"href":"https:\/\/destacado.com.mx\/index.php\/wp-json\/wp\/v2\/media?parent=390"}],"wp:term":[{"taxonomy":"category","embeddable":true,"href":"https:\/\/destacado.com.mx\/index.php\/wp-json\/wp\/v2\/categories?post=390"},{"taxonomy":"post_tag","embeddable":true,"href":"https:\/\/destacado.com.mx\/index.php\/wp-json\/wp\/v2\/tags?post=390"}],"curies":[{"name":"wp","href":"https:\/\/api.w.org\/{rel}","templated":true}]}}