
{"id":420,"date":"2026-04-15T04:27:49","date_gmt":"2026-04-15T04:27:49","guid":{"rendered":"https:\/\/destacado.com.mx\/?p=420"},"modified":"2026-04-16T04:28:24","modified_gmt":"2026-04-16T04:28:24","slug":"ruth-gonzalez-informa-aprobacion-de-reformas-clave-en-derechos-culturales-e-inclusion","status":"publish","type":"post","link":"https:\/\/destacado.com.mx\/index.php\/2026\/04\/15\/ruth-gonzalez-informa-aprobacion-de-reformas-clave-en-derechos-culturales-e-inclusion\/","title":{"rendered":"Ruth Gonz\u00e1lez informa aprobaci\u00f3n de reformas clave en derechos culturales e inclusi\u00f3n"},"content":{"rendered":"<p data-start=\"1783\" data-end=\"1951\">La protecci\u00f3n de los derechos de artistas y el fortalecimiento de la inclusi\u00f3n fueron temas centrales en la sesi\u00f3n legislativa, inform\u00f3 la senadora Ruth Gonz\u00e1lez Silva.<\/p>\n<p data-start=\"1953\" data-end=\"2148\">Destac\u00f3 la aprobaci\u00f3n de una reforma que protege a int\u00e9rpretes y ejecutantes frente al uso no autorizado de su imagen, voz o trabajo, particularmente ante el avance de la inteligencia artificial.<\/p>\n<p data-start=\"2150\" data-end=\"2332\">De igual forma, se aprob\u00f3 una modificaci\u00f3n a la Ley General para la Inclusi\u00f3n de las Personas con Discapacidad, con el objetivo de garantizar accesos adecuados en edificios p\u00fablicos.<\/p>\n<p data-start=\"2334\" data-end=\"2440\">La legisladora se\u00f1al\u00f3 que estas reformas representan avances importantes en materia de derechos y equidad.<\/p>\n","protected":false},"excerpt":{"rendered":"<p>La protecci\u00f3n de los derechos de artistas y el fortalecimiento de la inclusi\u00f3n fueron temas centrales en la sesi\u00f3n legislativa, inform\u00f3 la senadora Ruth Gonz\u00e1lez Silva. Destac\u00f3 la aprobaci\u00f3n de una reforma que protege a int\u00e9rpretes y ejecutantes frente al uso no autorizado de su imagen, voz o trabajo, particularmente ante el avance de la [&hellip;]<\/p>\n","protected":false},"author":4,"featured_media":413,"comment_status":"open","ping_status":"open","sticky":false,"template":"","format":"standard","meta":{"footnotes":""},"categories":[13],"tags":[],"class_list":["post-420","post","type-post","status-publish","format-standard","has-post-thumbnail","hentry","category-politica"],"_links":{"self":[{"href":"https:\/\/destacado.com.mx\/index.php\/wp-json\/wp\/v2\/posts\/420","targetHints":{"allow":["GET"]}}],"collection":[{"href":"https:\/\/destacado.com.mx\/index.php\/wp-json\/wp\/v2\/posts"}],"about":[{"href":"https:\/\/destacado.com.mx\/index.php\/wp-json\/wp\/v2\/types\/post"}],"author":[{"embeddable":true,"href":"https:\/\/destacado.com.mx\/index.php\/wp-json\/wp\/v2\/users\/4"}],"replies":[{"embeddable":true,"href":"https:\/\/destacado.com.mx\/index.php\/wp-json\/wp\/v2\/comments?post=420"}],"version-history":[{"count":1,"href":"https:\/\/destacado.com.mx\/index.php\/wp-json\/wp\/v2\/posts\/420\/revisions"}],"predecessor-version":[{"id":421,"href":"https:\/\/destacado.com.mx\/index.php\/wp-json\/wp\/v2\/posts\/420\/revisions\/421"}],"wp:featuredmedia":[{"embeddable":true,"href":"https:\/\/destacado.com.mx\/index.php\/wp-json\/wp\/v2\/media\/413"}],"wp:attachment":[{"href":"https:\/\/destacado.com.mx\/index.php\/wp-json\/wp\/v2\/media?parent=420"}],"wp:term":[{"taxonomy":"category","embeddable":true,"href":"https:\/\/destacado.com.mx\/index.php\/wp-json\/wp\/v2\/categories?post=420"},{"taxonomy":"post_tag","embeddable":true,"href":"https:\/\/destacado.com.mx\/index.php\/wp-json\/wp\/v2\/tags?post=420"}],"curies":[{"name":"wp","href":"https:\/\/api.w.org\/{rel}","templated":true}]}}