
{"id":460,"date":"2026-04-19T04:09:25","date_gmt":"2026-04-19T04:09:25","guid":{"rendered":"https:\/\/destacado.com.mx\/?p=460"},"modified":"2026-04-20T04:10:07","modified_gmt":"2026-04-20T04:10:07","slug":"ausencia-de-galindo-coincide-con-colapso-vial-en-la-capital-potosina","status":"publish","type":"post","link":"https:\/\/destacado.com.mx\/index.php\/2026\/04\/19\/ausencia-de-galindo-coincide-con-colapso-vial-en-la-capital-potosina\/","title":{"rendered":"Ausencia de Galindo coincide con colapso vial en la capital potosina"},"content":{"rendered":"<p data-start=\"1554\" data-end=\"1683\">El cierre de carriles centrales en Salvador Nava por una protesta ciclista dej\u00f3 al descubierto problemas en la gesti\u00f3n municipal.<\/p>\n<p data-start=\"1685\" data-end=\"1848\">La administraci\u00f3n encabezada por <span class=\"hover:entity-accent entity-underline inline cursor-pointer align-baseline\"><span class=\"whitespace-normal\">Enrique Galindo Ceballos<\/span><\/span> fue se\u00f1alada por no prever el impacto de la movilizaci\u00f3n ni garantizar condiciones de orden.<\/p>\n<p data-start=\"1850\" data-end=\"1976\">Mientras automovilistas enfrentaban largas filas, el alcalde y parte de su gabinete realizaban actividades fuera de la ciudad.<\/p>\n<p data-start=\"1978\" data-end=\"2084\">El episodio reaviv\u00f3 cuestionamientos sobre la atenci\u00f3n a la capital y la prioridad en la agenda municipal.<\/p>\n","protected":false},"excerpt":{"rendered":"<p>El cierre de carriles centrales en Salvador Nava por una protesta ciclista dej\u00f3 al descubierto problemas en la gesti\u00f3n municipal. La administraci\u00f3n encabezada por Enrique Galindo Ceballos fue se\u00f1alada por no prever el impacto de la movilizaci\u00f3n ni garantizar condiciones de orden. Mientras automovilistas enfrentaban largas filas, el alcalde y parte de su gabinete realizaban [&hellip;]<\/p>\n","protected":false},"author":4,"featured_media":457,"comment_status":"open","ping_status":"open","sticky":false,"template":"","format":"standard","meta":{"footnotes":""},"categories":[13],"tags":[],"class_list":["post-460","post","type-post","status-publish","format-standard","has-post-thumbnail","hentry","category-politica"],"_links":{"self":[{"href":"https:\/\/destacado.com.mx\/index.php\/wp-json\/wp\/v2\/posts\/460","targetHints":{"allow":["GET"]}}],"collection":[{"href":"https:\/\/destacado.com.mx\/index.php\/wp-json\/wp\/v2\/posts"}],"about":[{"href":"https:\/\/destacado.com.mx\/index.php\/wp-json\/wp\/v2\/types\/post"}],"author":[{"embeddable":true,"href":"https:\/\/destacado.com.mx\/index.php\/wp-json\/wp\/v2\/users\/4"}],"replies":[{"embeddable":true,"href":"https:\/\/destacado.com.mx\/index.php\/wp-json\/wp\/v2\/comments?post=460"}],"version-history":[{"count":1,"href":"https:\/\/destacado.com.mx\/index.php\/wp-json\/wp\/v2\/posts\/460\/revisions"}],"predecessor-version":[{"id":461,"href":"https:\/\/destacado.com.mx\/index.php\/wp-json\/wp\/v2\/posts\/460\/revisions\/461"}],"wp:featuredmedia":[{"embeddable":true,"href":"https:\/\/destacado.com.mx\/index.php\/wp-json\/wp\/v2\/media\/457"}],"wp:attachment":[{"href":"https:\/\/destacado.com.mx\/index.php\/wp-json\/wp\/v2\/media?parent=460"}],"wp:term":[{"taxonomy":"category","embeddable":true,"href":"https:\/\/destacado.com.mx\/index.php\/wp-json\/wp\/v2\/categories?post=460"},{"taxonomy":"post_tag","embeddable":true,"href":"https:\/\/destacado.com.mx\/index.php\/wp-json\/wp\/v2\/tags?post=460"}],"curies":[{"name":"wp","href":"https:\/\/api.w.org\/{rel}","templated":true}]}}