
{"id":711,"date":"2026-05-16T05:42:46","date_gmt":"2026-05-16T05:42:46","guid":{"rendered":"https:\/\/destacado.com.mx\/?p=711"},"modified":"2026-05-16T05:42:46","modified_gmt":"2026-05-16T05:42:46","slug":"ricardo-gallardo-cardona-fortalece-movilidad-y-prepara-rescate-integral-en-villa-de-pozos","status":"publish","type":"post","link":"https:\/\/destacado.com.mx\/index.php\/2026\/05\/16\/ricardo-gallardo-cardona-fortalece-movilidad-y-prepara-rescate-integral-en-villa-de-pozos\/","title":{"rendered":"Ricardo Gallardo Cardona fortalece movilidad y prepara rescate integral en Villa de Pozos"},"content":{"rendered":"<h3 data-section-id=\"723pd\" data-start=\"1886\" data-end=\"1986\"><\/h3>\n<p data-start=\"1988\" data-end=\"2159\">La rehabilitaci\u00f3n de la avenida Seminario marca un nuevo avance en las acciones de infraestructura impulsadas por el gobernador Ricardo Gallardo Cardona en Villa de Pozos.<\/p>\n<p data-start=\"2161\" data-end=\"2318\">La obra permiti\u00f3 mejorar las condiciones de una vialidad clave para miles de habitantes, facilitando la movilidad y fortaleciendo la conectividad en la zona.<\/p>\n<p data-start=\"2320\" data-end=\"2516\">Durante el evento, el mandatario estatal reiter\u00f3 que su administraci\u00f3n tambi\u00e9n trabaja en el proyecto de entubamiento del canal\u00f3n de aguas negras, considerado un problema hist\u00f3rico para el sector.<\/p>\n<p data-start=\"2518\" data-end=\"2703\">Adem\u00e1s, anunci\u00f3 que en pr\u00f3ximas semanas se dar\u00e1 inicio a nuevas etapas de intervenci\u00f3n que permitir\u00e1n posteriormente construir un parque lineal para beneficio de las familias potosinas.<\/p>\n","protected":false},"excerpt":{"rendered":"<p>La rehabilitaci\u00f3n de la avenida Seminario marca un nuevo avance en las acciones de infraestructura impulsadas por el gobernador Ricardo Gallardo Cardona en Villa de Pozos. La obra permiti\u00f3 mejorar las condiciones de una vialidad clave para miles de habitantes, facilitando la movilidad y fortaleciendo la conectividad en la zona. Durante el evento, el mandatario [&hellip;]<\/p>\n","protected":false},"author":4,"featured_media":707,"comment_status":"open","ping_status":"open","sticky":false,"template":"","format":"standard","meta":{"footnotes":""},"categories":[13],"tags":[],"class_list":["post-711","post","type-post","status-publish","format-standard","has-post-thumbnail","hentry","category-politica"],"_links":{"self":[{"href":"https:\/\/destacado.com.mx\/index.php\/wp-json\/wp\/v2\/posts\/711","targetHints":{"allow":["GET"]}}],"collection":[{"href":"https:\/\/destacado.com.mx\/index.php\/wp-json\/wp\/v2\/posts"}],"about":[{"href":"https:\/\/destacado.com.mx\/index.php\/wp-json\/wp\/v2\/types\/post"}],"author":[{"embeddable":true,"href":"https:\/\/destacado.com.mx\/index.php\/wp-json\/wp\/v2\/users\/4"}],"replies":[{"embeddable":true,"href":"https:\/\/destacado.com.mx\/index.php\/wp-json\/wp\/v2\/comments?post=711"}],"version-history":[{"count":1,"href":"https:\/\/destacado.com.mx\/index.php\/wp-json\/wp\/v2\/posts\/711\/revisions"}],"predecessor-version":[{"id":712,"href":"https:\/\/destacado.com.mx\/index.php\/wp-json\/wp\/v2\/posts\/711\/revisions\/712"}],"wp:featuredmedia":[{"embeddable":true,"href":"https:\/\/destacado.com.mx\/index.php\/wp-json\/wp\/v2\/media\/707"}],"wp:attachment":[{"href":"https:\/\/destacado.com.mx\/index.php\/wp-json\/wp\/v2\/media?parent=711"}],"wp:term":[{"taxonomy":"category","embeddable":true,"href":"https:\/\/destacado.com.mx\/index.php\/wp-json\/wp\/v2\/categories?post=711"},{"taxonomy":"post_tag","embeddable":true,"href":"https:\/\/destacado.com.mx\/index.php\/wp-json\/wp\/v2\/tags?post=711"}],"curies":[{"name":"wp","href":"https:\/\/api.w.org\/{rel}","templated":true}]}}