
{"id":714,"date":"2026-05-17T14:22:14","date_gmt":"2026-05-17T14:22:14","guid":{"rendered":"https:\/\/destacado.com.mx\/?p=714"},"modified":"2026-05-17T14:22:14","modified_gmt":"2026-05-17T14:22:14","slug":"ricardo-gallardo-refuerza-la-paz-en-slp-con-policias-mas-preparados-y-mayor-coordinacion","status":"publish","type":"post","link":"https:\/\/destacado.com.mx\/index.php\/2026\/05\/17\/ricardo-gallardo-refuerza-la-paz-en-slp-con-policias-mas-preparados-y-mayor-coordinacion\/","title":{"rendered":"Ricardo Gallardo refuerza la paz en SLP con polic\u00edas m\u00e1s preparados y mayor coordinaci\u00f3n"},"content":{"rendered":"<h3 data-section-id=\"c4ggos\" data-start=\"1776\" data-end=\"1875\"><\/h3>\n<p data-start=\"1877\" data-end=\"2101\">El gobernador Ricardo Gallardo Cardona destac\u00f3 que San Luis Potos\u00ed avanza en el fortalecimiento de la seguridad p\u00fablica con una estrategia integral que prioriza la capacitaci\u00f3n y supervisi\u00f3n de las corporaciones municipales.<\/p>\n<p data-start=\"2103\" data-end=\"2277\">Dentro de las acciones implementadas, los municipios destinar\u00e1n recursos para fortalecer a sus cuerpos policiacos mediante equipamiento, capacitaci\u00f3n y controles permanentes.<\/p>\n<p data-start=\"2279\" data-end=\"2438\">Adem\u00e1s, se incrementar\u00e1 la presencia policial en las distintas regiones del estado para garantizar respuestas m\u00e1s r\u00e1pidas y efectivas ante cualquier situaci\u00f3n.<\/p>\n<p data-start=\"2440\" data-end=\"2613\">Ricardo Gallardo se\u00f1al\u00f3 que cuando existe coordinaci\u00f3n y trabajo conjunto, la seguridad se refleja directamente en la tranquilidad de las colonias, comunidades y municipios.<\/p>\n","protected":false},"excerpt":{"rendered":"<p>El gobernador Ricardo Gallardo Cardona destac\u00f3 que San Luis Potos\u00ed avanza en el fortalecimiento de la seguridad p\u00fablica con una estrategia integral que prioriza la capacitaci\u00f3n y supervisi\u00f3n de las corporaciones municipales. Dentro de las acciones implementadas, los municipios destinar\u00e1n recursos para fortalecer a sus cuerpos policiacos mediante equipamiento, capacitaci\u00f3n y controles permanentes. Adem\u00e1s, se [&hellip;]<\/p>\n","protected":false},"author":4,"featured_media":717,"comment_status":"open","ping_status":"open","sticky":false,"template":"","format":"standard","meta":{"footnotes":""},"categories":[13],"tags":[],"class_list":["post-714","post","type-post","status-publish","format-standard","has-post-thumbnail","hentry","category-politica"],"_links":{"self":[{"href":"https:\/\/destacado.com.mx\/index.php\/wp-json\/wp\/v2\/posts\/714","targetHints":{"allow":["GET"]}}],"collection":[{"href":"https:\/\/destacado.com.mx\/index.php\/wp-json\/wp\/v2\/posts"}],"about":[{"href":"https:\/\/destacado.com.mx\/index.php\/wp-json\/wp\/v2\/types\/post"}],"author":[{"embeddable":true,"href":"https:\/\/destacado.com.mx\/index.php\/wp-json\/wp\/v2\/users\/4"}],"replies":[{"embeddable":true,"href":"https:\/\/destacado.com.mx\/index.php\/wp-json\/wp\/v2\/comments?post=714"}],"version-history":[{"count":1,"href":"https:\/\/destacado.com.mx\/index.php\/wp-json\/wp\/v2\/posts\/714\/revisions"}],"predecessor-version":[{"id":718,"href":"https:\/\/destacado.com.mx\/index.php\/wp-json\/wp\/v2\/posts\/714\/revisions\/718"}],"wp:featuredmedia":[{"embeddable":true,"href":"https:\/\/destacado.com.mx\/index.php\/wp-json\/wp\/v2\/media\/717"}],"wp:attachment":[{"href":"https:\/\/destacado.com.mx\/index.php\/wp-json\/wp\/v2\/media?parent=714"}],"wp:term":[{"taxonomy":"category","embeddable":true,"href":"https:\/\/destacado.com.mx\/index.php\/wp-json\/wp\/v2\/categories?post=714"},{"taxonomy":"post_tag","embeddable":true,"href":"https:\/\/destacado.com.mx\/index.php\/wp-json\/wp\/v2\/tags?post=714"}],"curies":[{"name":"wp","href":"https:\/\/api.w.org\/{rel}","templated":true}]}}