
{"id":751,"date":"2026-05-20T04:17:20","date_gmt":"2026-05-20T04:17:20","guid":{"rendered":"https:\/\/destacado.com.mx\/?p=751"},"modified":"2026-05-20T04:17:20","modified_gmt":"2026-05-20T04:17:20","slug":"ruth-gonzalez-destaca-impulso-economico-y-confianza-empresarial-en-san-luis-potosi","status":"publish","type":"post","link":"https:\/\/destacado.com.mx\/index.php\/2026\/05\/20\/ruth-gonzalez-destaca-impulso-economico-y-confianza-empresarial-en-san-luis-potosi\/","title":{"rendered":"Ruth Gonz\u00e1lez destaca impulso econ\u00f3mico y confianza empresarial en San Luis Potos\u00ed"},"content":{"rendered":"<h3 data-start=\"1733\" data-end=\"1826\"><\/h3>\n<p data-start=\"1828\" data-end=\"2014\">El fortalecimiento econ\u00f3mico de San Luis Potos\u00ed contin\u00faa avanzando gracias al trabajo coordinado entre el sector empresarial y las instituciones, destac\u00f3 la senadora Ruth Gonz\u00e1lez Silva.<\/p>\n<p data-start=\"2016\" data-end=\"2227\">Durante la renovaci\u00f3n del Consejo Directivo de COPARMEX SLP, encabezado por Ana Mar\u00eda Abascal Sainz, la legisladora reconoci\u00f3 la importancia del empresariado en la generaci\u00f3n de empleos y el desarrollo regional.<\/p>\n<p data-start=\"2229\" data-end=\"2389\">Ruth Gonz\u00e1lez se\u00f1al\u00f3 que desde 2021 el estado ha consolidado condiciones favorables para la inversi\u00f3n, fortaleciendo la llegada de nuevos proyectos productivos.<\/p>\n<p data-start=\"2391\" data-end=\"2528\">Adem\u00e1s, reiter\u00f3 que seguir\u00e1 impulsando acciones que permitan generar m\u00e1s bienestar, estabilidad y oportunidades para las y los potosinos.<\/p>\n","protected":false},"excerpt":{"rendered":"<p>El fortalecimiento econ\u00f3mico de San Luis Potos\u00ed contin\u00faa avanzando gracias al trabajo coordinado entre el sector empresarial y las instituciones, destac\u00f3 la senadora Ruth Gonz\u00e1lez Silva. Durante la renovaci\u00f3n del Consejo Directivo de COPARMEX SLP, encabezado por Ana Mar\u00eda Abascal Sainz, la legisladora reconoci\u00f3 la importancia del empresariado en la generaci\u00f3n de empleos y el [&hellip;]<\/p>\n","protected":false},"author":4,"featured_media":747,"comment_status":"open","ping_status":"open","sticky":false,"template":"","format":"standard","meta":{"footnotes":""},"categories":[13],"tags":[],"class_list":["post-751","post","type-post","status-publish","format-standard","has-post-thumbnail","hentry","category-politica"],"_links":{"self":[{"href":"https:\/\/destacado.com.mx\/index.php\/wp-json\/wp\/v2\/posts\/751","targetHints":{"allow":["GET"]}}],"collection":[{"href":"https:\/\/destacado.com.mx\/index.php\/wp-json\/wp\/v2\/posts"}],"about":[{"href":"https:\/\/destacado.com.mx\/index.php\/wp-json\/wp\/v2\/types\/post"}],"author":[{"embeddable":true,"href":"https:\/\/destacado.com.mx\/index.php\/wp-json\/wp\/v2\/users\/4"}],"replies":[{"embeddable":true,"href":"https:\/\/destacado.com.mx\/index.php\/wp-json\/wp\/v2\/comments?post=751"}],"version-history":[{"count":1,"href":"https:\/\/destacado.com.mx\/index.php\/wp-json\/wp\/v2\/posts\/751\/revisions"}],"predecessor-version":[{"id":752,"href":"https:\/\/destacado.com.mx\/index.php\/wp-json\/wp\/v2\/posts\/751\/revisions\/752"}],"wp:featuredmedia":[{"embeddable":true,"href":"https:\/\/destacado.com.mx\/index.php\/wp-json\/wp\/v2\/media\/747"}],"wp:attachment":[{"href":"https:\/\/destacado.com.mx\/index.php\/wp-json\/wp\/v2\/media?parent=751"}],"wp:term":[{"taxonomy":"category","embeddable":true,"href":"https:\/\/destacado.com.mx\/index.php\/wp-json\/wp\/v2\/categories?post=751"},{"taxonomy":"post_tag","embeddable":true,"href":"https:\/\/destacado.com.mx\/index.php\/wp-json\/wp\/v2\/tags?post=751"}],"curies":[{"name":"wp","href":"https:\/\/api.w.org\/{rel}","templated":true}]}}