
{"id":758,"date":"2026-05-22T05:22:36","date_gmt":"2026-05-22T05:22:36","guid":{"rendered":"https:\/\/destacado.com.mx\/?p=758"},"modified":"2026-05-22T05:22:36","modified_gmt":"2026-05-22T05:22:36","slug":"enrique-galindo-podria-enfrentar-nuevas-presiones-tras-investigaciones-por-desvios-en-policia-federal","status":"publish","type":"post","link":"https:\/\/destacado.com.mx\/index.php\/2026\/05\/22\/enrique-galindo-podria-enfrentar-nuevas-presiones-tras-investigaciones-por-desvios-en-policia-federal\/","title":{"rendered":"Enrique Galindo podr\u00eda enfrentar nuevas presiones tras investigaciones por desv\u00edos en Polic\u00eda Federal"},"content":{"rendered":"<p data-start=\"1603\" data-end=\"1711\">\n<p data-start=\"1713\" data-end=\"1931\">El alcalde capitalino <span class=\"hover:entity-accent entity-underline inline cursor-pointer align-baseline\"><span class=\"whitespace-normal\">Enrique Galindo Ceballos<\/span><\/span> podr\u00eda verse nuevamente involucrado en investigaciones relacionadas con presuntos desv\u00edos millonarios durante su etapa como comisionado de la Polic\u00eda Federal.<\/p>\n<p data-start=\"1933\" data-end=\"2087\">Las recientes sanciones e inhabilitaciones contra ex mandos de la corporaci\u00f3n revivieron el debate sobre el manejo de recursos p\u00fablicos entre 2013 y 2016.<\/p>\n<p data-start=\"2089\" data-end=\"2234\">Autoridades federales mantienen abiertas l\u00edneas de investigaci\u00f3n relacionadas con contratos y proyectos desarrollados durante esa administraci\u00f3n.<\/p>\n<p data-start=\"2236\" data-end=\"2422\">El caso contin\u00faa escalando luego de que el Tribunal Federal de Justicia Administrativa confirmara sanciones econ\u00f3micas y administrativas contra ex funcionarios cercanos a esa estructura.<\/p>\n","protected":false},"excerpt":{"rendered":"<p>El alcalde capitalino Enrique Galindo Ceballos podr\u00eda verse nuevamente involucrado en investigaciones relacionadas con presuntos desv\u00edos millonarios durante su etapa como comisionado de la Polic\u00eda Federal. Las recientes sanciones e inhabilitaciones contra ex mandos de la corporaci\u00f3n revivieron el debate sobre el manejo de recursos p\u00fablicos entre 2013 y 2016. Autoridades federales mantienen abiertas l\u00edneas [&hellip;]<\/p>\n","protected":false},"author":4,"featured_media":756,"comment_status":"open","ping_status":"open","sticky":false,"template":"","format":"standard","meta":{"footnotes":""},"categories":[13],"tags":[],"class_list":["post-758","post","type-post","status-publish","format-standard","has-post-thumbnail","hentry","category-politica"],"_links":{"self":[{"href":"https:\/\/destacado.com.mx\/index.php\/wp-json\/wp\/v2\/posts\/758","targetHints":{"allow":["GET"]}}],"collection":[{"href":"https:\/\/destacado.com.mx\/index.php\/wp-json\/wp\/v2\/posts"}],"about":[{"href":"https:\/\/destacado.com.mx\/index.php\/wp-json\/wp\/v2\/types\/post"}],"author":[{"embeddable":true,"href":"https:\/\/destacado.com.mx\/index.php\/wp-json\/wp\/v2\/users\/4"}],"replies":[{"embeddable":true,"href":"https:\/\/destacado.com.mx\/index.php\/wp-json\/wp\/v2\/comments?post=758"}],"version-history":[{"count":1,"href":"https:\/\/destacado.com.mx\/index.php\/wp-json\/wp\/v2\/posts\/758\/revisions"}],"predecessor-version":[{"id":759,"href":"https:\/\/destacado.com.mx\/index.php\/wp-json\/wp\/v2\/posts\/758\/revisions\/759"}],"wp:featuredmedia":[{"embeddable":true,"href":"https:\/\/destacado.com.mx\/index.php\/wp-json\/wp\/v2\/media\/756"}],"wp:attachment":[{"href":"https:\/\/destacado.com.mx\/index.php\/wp-json\/wp\/v2\/media?parent=758"}],"wp:term":[{"taxonomy":"category","embeddable":true,"href":"https:\/\/destacado.com.mx\/index.php\/wp-json\/wp\/v2\/categories?post=758"},{"taxonomy":"post_tag","embeddable":true,"href":"https:\/\/destacado.com.mx\/index.php\/wp-json\/wp\/v2\/tags?post=758"}],"curies":[{"name":"wp","href":"https:\/\/api.w.org\/{rel}","templated":true}]}}