
{"id":767,"date":"2026-05-23T07:12:41","date_gmt":"2026-05-23T07:12:41","guid":{"rendered":"https:\/\/destacado.com.mx\/?p=767"},"modified":"2026-05-23T07:12:41","modified_gmt":"2026-05-23T07:12:41","slug":"ricardo-gallardo-impulsa-obras-estrategicas-que-fortalecen-economia-y-movilidad-en-slp","status":"publish","type":"post","link":"https:\/\/destacado.com.mx\/index.php\/2026\/05\/23\/ricardo-gallardo-impulsa-obras-estrategicas-que-fortalecen-economia-y-movilidad-en-slp\/","title":{"rendered":"Ricardo Gallardo impulsa obras estrat\u00e9gicas que fortalecen econom\u00eda y movilidad en SLP"},"content":{"rendered":"<p data-start=\"1788\" data-end=\"1881\">\n<p data-start=\"1883\" data-end=\"2085\">El gobernador <span class=\"hover:entity-accent entity-underline inline cursor-pointer align-baseline\"><span class=\"whitespace-normal\">Ricardo Gallardo Cardona<\/span><\/span> contin\u00faa consolidando proyectos de infraestructura que fortalecen el crecimiento econ\u00f3mico y la competitividad de San Luis Potos\u00ed, reconoci\u00f3 COPARMEX.<\/p>\n<p data-start=\"2087\" data-end=\"2309\">La dirigente empresarial Ana Mar\u00eda Abascal Sainz destac\u00f3 que las inversiones anunciadas por el Gobierno del Estado representan un paso firme para mejorar la movilidad y generar condiciones m\u00e1s favorables para la inversi\u00f3n.<\/p>\n<p data-start=\"2311\" data-end=\"2477\">Entre las obras prioritarias destacan el puente Villamagna, la modernizaci\u00f3n de la carretera a Guadalajara y la tercera etapa de la v\u00eda alterna en la Zona Industrial.<\/p>\n<p data-start=\"2479\" data-end=\"2642\">El impulso a estas acciones permite posicionar a San Luis Potos\u00ed como un estado con mayor dinamismo econ\u00f3mico y mejores condiciones para el desarrollo empresarial.<\/p>\n","protected":false},"excerpt":{"rendered":"<p>El gobernador Ricardo Gallardo Cardona contin\u00faa consolidando proyectos de infraestructura que fortalecen el crecimiento econ\u00f3mico y la competitividad de San Luis Potos\u00ed, reconoci\u00f3 COPARMEX. La dirigente empresarial Ana Mar\u00eda Abascal Sainz destac\u00f3 que las inversiones anunciadas por el Gobierno del Estado representan un paso firme para mejorar la movilidad y generar condiciones m\u00e1s favorables para [&hellip;]<\/p>\n","protected":false},"author":4,"featured_media":763,"comment_status":"open","ping_status":"open","sticky":false,"template":"","format":"standard","meta":{"footnotes":""},"categories":[13],"tags":[],"class_list":["post-767","post","type-post","status-publish","format-standard","has-post-thumbnail","hentry","category-politica"],"_links":{"self":[{"href":"https:\/\/destacado.com.mx\/index.php\/wp-json\/wp\/v2\/posts\/767","targetHints":{"allow":["GET"]}}],"collection":[{"href":"https:\/\/destacado.com.mx\/index.php\/wp-json\/wp\/v2\/posts"}],"about":[{"href":"https:\/\/destacado.com.mx\/index.php\/wp-json\/wp\/v2\/types\/post"}],"author":[{"embeddable":true,"href":"https:\/\/destacado.com.mx\/index.php\/wp-json\/wp\/v2\/users\/4"}],"replies":[{"embeddable":true,"href":"https:\/\/destacado.com.mx\/index.php\/wp-json\/wp\/v2\/comments?post=767"}],"version-history":[{"count":1,"href":"https:\/\/destacado.com.mx\/index.php\/wp-json\/wp\/v2\/posts\/767\/revisions"}],"predecessor-version":[{"id":768,"href":"https:\/\/destacado.com.mx\/index.php\/wp-json\/wp\/v2\/posts\/767\/revisions\/768"}],"wp:featuredmedia":[{"embeddable":true,"href":"https:\/\/destacado.com.mx\/index.php\/wp-json\/wp\/v2\/media\/763"}],"wp:attachment":[{"href":"https:\/\/destacado.com.mx\/index.php\/wp-json\/wp\/v2\/media?parent=767"}],"wp:term":[{"taxonomy":"category","embeddable":true,"href":"https:\/\/destacado.com.mx\/index.php\/wp-json\/wp\/v2\/categories?post=767"},{"taxonomy":"post_tag","embeddable":true,"href":"https:\/\/destacado.com.mx\/index.php\/wp-json\/wp\/v2\/tags?post=767"}],"curies":[{"name":"wp","href":"https:\/\/api.w.org\/{rel}","templated":true}]}}