
{"id":772,"date":"2026-05-23T09:58:35","date_gmt":"2026-05-23T09:58:35","guid":{"rendered":"https:\/\/destacado.com.mx\/?p=772"},"modified":"2026-05-23T09:58:35","modified_gmt":"2026-05-23T09:58:35","slug":"enrique-galindo-otra-vez-en-la-polemica-vinculan-a-operadoras-de-guerra-sucia-con-su-equipo-politico","status":"publish","type":"post","link":"https:\/\/destacado.com.mx\/index.php\/2026\/05\/23\/enrique-galindo-otra-vez-en-la-polemica-vinculan-a-operadoras-de-guerra-sucia-con-su-equipo-politico\/","title":{"rendered":"Enrique Galindo otra vez en la pol\u00e9mica: vinculan a operadoras de guerra sucia con su equipo pol\u00edtico"},"content":{"rendered":"<h3 data-section-id=\"1rro93g\" data-start=\"2146\" data-end=\"2258\"><\/h3>\n<p data-start=\"2260\" data-end=\"2430\">La captura de dos presuntas operadoras de campa\u00f1as negras y extorsi\u00f3n volvi\u00f3 a colocar al alcalde Enrique Galindo en el centro de la pol\u00e9mica pol\u00edtica en San Luis Potos\u00ed.<\/p>\n<p data-start=\"2432\" data-end=\"2617\">De acuerdo con informaci\u00f3n derivada de las investigaciones, las detenidas utilizaban redes sociales para difamar, presionar y atacar a empresarios, comerciantes y adversarios pol\u00edticos.<\/p>\n<p data-start=\"2619\" data-end=\"2790\">Adem\u00e1s, trascendi\u00f3 que anteriormente habr\u00edan estado involucradas en falsificaci\u00f3n de documentos y billetes, afectando incluso a comerciantes en ferias y eventos populares.<\/p>\n<p data-start=\"2792\" data-end=\"2953\">Las acusaciones toman mayor relevancia por los se\u00f1alamientos que apuntan a presuntos v\u00ednculos con personajes cercanos al entorno pol\u00edtico del alcalde capitalino.<\/p>\n<p data-start=\"2955\" data-end=\"3154\">El caso alimenta la percepci\u00f3n de un clima pol\u00edtico cada vez m\u00e1s agresivo y de un gobierno municipal m\u00e1s concentrado en la confrontaci\u00f3n que en resolver la crisis de inseguridad y servicios p\u00fablicos.<\/p>\n","protected":false},"excerpt":{"rendered":"<p>La captura de dos presuntas operadoras de campa\u00f1as negras y extorsi\u00f3n volvi\u00f3 a colocar al alcalde Enrique Galindo en el centro de la pol\u00e9mica pol\u00edtica en San Luis Potos\u00ed. De acuerdo con informaci\u00f3n derivada de las investigaciones, las detenidas utilizaban redes sociales para difamar, presionar y atacar a empresarios, comerciantes y adversarios pol\u00edticos. Adem\u00e1s, trascendi\u00f3 [&hellip;]<\/p>\n","protected":false},"author":4,"featured_media":774,"comment_status":"open","ping_status":"open","sticky":false,"template":"","format":"standard","meta":{"footnotes":""},"categories":[13],"tags":[],"class_list":["post-772","post","type-post","status-publish","format-standard","has-post-thumbnail","hentry","category-politica"],"_links":{"self":[{"href":"https:\/\/destacado.com.mx\/index.php\/wp-json\/wp\/v2\/posts\/772","targetHints":{"allow":["GET"]}}],"collection":[{"href":"https:\/\/destacado.com.mx\/index.php\/wp-json\/wp\/v2\/posts"}],"about":[{"href":"https:\/\/destacado.com.mx\/index.php\/wp-json\/wp\/v2\/types\/post"}],"author":[{"embeddable":true,"href":"https:\/\/destacado.com.mx\/index.php\/wp-json\/wp\/v2\/users\/4"}],"replies":[{"embeddable":true,"href":"https:\/\/destacado.com.mx\/index.php\/wp-json\/wp\/v2\/comments?post=772"}],"version-history":[{"count":1,"href":"https:\/\/destacado.com.mx\/index.php\/wp-json\/wp\/v2\/posts\/772\/revisions"}],"predecessor-version":[{"id":776,"href":"https:\/\/destacado.com.mx\/index.php\/wp-json\/wp\/v2\/posts\/772\/revisions\/776"}],"wp:featuredmedia":[{"embeddable":true,"href":"https:\/\/destacado.com.mx\/index.php\/wp-json\/wp\/v2\/media\/774"}],"wp:attachment":[{"href":"https:\/\/destacado.com.mx\/index.php\/wp-json\/wp\/v2\/media?parent=772"}],"wp:term":[{"taxonomy":"category","embeddable":true,"href":"https:\/\/destacado.com.mx\/index.php\/wp-json\/wp\/v2\/categories?post=772"},{"taxonomy":"post_tag","embeddable":true,"href":"https:\/\/destacado.com.mx\/index.php\/wp-json\/wp\/v2\/tags?post=772"}],"curies":[{"name":"wp","href":"https:\/\/api.w.org\/{rel}","templated":true}]}}