
{"id":795,"date":"2026-05-25T06:20:58","date_gmt":"2026-05-25T06:20:58","guid":{"rendered":"https:\/\/destacado.com.mx\/?p=795"},"modified":"2026-05-25T06:20:58","modified_gmt":"2026-05-25T06:20:58","slug":"ricardo-gallardo-acerca-servicios-medicos-y-prevencion-a-las-cuatro-regiones-del-estado","status":"publish","type":"post","link":"https:\/\/destacado.com.mx\/index.php\/2026\/05\/25\/ricardo-gallardo-acerca-servicios-medicos-y-prevencion-a-las-cuatro-regiones-del-estado\/","title":{"rendered":"Ricardo Gallardo acerca servicios m\u00e9dicos y prevenci\u00f3n a las cuatro regiones del estado"},"content":{"rendered":"<p data-start=\"1670\" data-end=\"1764\">\n<p data-start=\"1766\" data-end=\"1981\">El gobernador de San Luis Potos\u00ed <span class=\"hover:entity-accent entity-underline inline cursor-pointer align-baseline\"><span class=\"whitespace-normal\">Ricardo Gallardo Cardona<\/span><\/span> destac\u00f3 el arranque de la Semana Nacional de Salud P\u00fablica 2026 como parte del compromiso de su administraci\u00f3n con el bienestar de la poblaci\u00f3n.<\/p>\n<p data-start=\"1983\" data-end=\"2169\">Las acciones contemplan servicios gratuitos de salud en las siete jurisdicciones sanitarias, incluyendo vacunaci\u00f3n, atenci\u00f3n m\u00e9dica, salud dental, salud mental y detecciones preventivas.<\/p>\n<p data-start=\"2171\" data-end=\"2316\">Ricardo Gallardo se\u00f1al\u00f3 que estas jornadas permiten fortalecer la atenci\u00f3n temprana y acercar servicios esenciales a miles de familias potosinas.<\/p>\n<p data-start=\"2318\" data-end=\"2456\">Asimismo, destac\u00f3 que el trabajo coordinado con instituciones de salud fortalece la capacidad de respuesta y prevenci\u00f3n en todo el estado.<\/p>\n","protected":false},"excerpt":{"rendered":"<p>El gobernador de San Luis Potos\u00ed Ricardo Gallardo Cardona destac\u00f3 el arranque de la Semana Nacional de Salud P\u00fablica 2026 como parte del compromiso de su administraci\u00f3n con el bienestar de la poblaci\u00f3n. Las acciones contemplan servicios gratuitos de salud en las siete jurisdicciones sanitarias, incluyendo vacunaci\u00f3n, atenci\u00f3n m\u00e9dica, salud dental, salud mental y detecciones [&hellip;]<\/p>\n","protected":false},"author":4,"featured_media":793,"comment_status":"open","ping_status":"open","sticky":false,"template":"","format":"standard","meta":{"footnotes":""},"categories":[13],"tags":[],"class_list":["post-795","post","type-post","status-publish","format-standard","has-post-thumbnail","hentry","category-politica"],"_links":{"self":[{"href":"https:\/\/destacado.com.mx\/index.php\/wp-json\/wp\/v2\/posts\/795","targetHints":{"allow":["GET"]}}],"collection":[{"href":"https:\/\/destacado.com.mx\/index.php\/wp-json\/wp\/v2\/posts"}],"about":[{"href":"https:\/\/destacado.com.mx\/index.php\/wp-json\/wp\/v2\/types\/post"}],"author":[{"embeddable":true,"href":"https:\/\/destacado.com.mx\/index.php\/wp-json\/wp\/v2\/users\/4"}],"replies":[{"embeddable":true,"href":"https:\/\/destacado.com.mx\/index.php\/wp-json\/wp\/v2\/comments?post=795"}],"version-history":[{"count":1,"href":"https:\/\/destacado.com.mx\/index.php\/wp-json\/wp\/v2\/posts\/795\/revisions"}],"predecessor-version":[{"id":796,"href":"https:\/\/destacado.com.mx\/index.php\/wp-json\/wp\/v2\/posts\/795\/revisions\/796"}],"wp:featuredmedia":[{"embeddable":true,"href":"https:\/\/destacado.com.mx\/index.php\/wp-json\/wp\/v2\/media\/793"}],"wp:attachment":[{"href":"https:\/\/destacado.com.mx\/index.php\/wp-json\/wp\/v2\/media?parent=795"}],"wp:term":[{"taxonomy":"category","embeddable":true,"href":"https:\/\/destacado.com.mx\/index.php\/wp-json\/wp\/v2\/categories?post=795"},{"taxonomy":"post_tag","embeddable":true,"href":"https:\/\/destacado.com.mx\/index.php\/wp-json\/wp\/v2\/tags?post=795"}],"curies":[{"name":"wp","href":"https:\/\/api.w.org\/{rel}","templated":true}]}}