
{"id":809,"date":"2026-05-26T03:15:38","date_gmt":"2026-05-26T03:15:38","guid":{"rendered":"https:\/\/destacado.com.mx\/?p=809"},"modified":"2026-05-26T03:15:38","modified_gmt":"2026-05-26T03:15:38","slug":"enrique-galindo-ceballos-lamenta-criticas-mientras-la-capital-enfrenta-violencia-diaria","status":"publish","type":"post","link":"https:\/\/destacado.com.mx\/index.php\/2026\/05\/26\/enrique-galindo-ceballos-lamenta-criticas-mientras-la-capital-enfrenta-violencia-diaria\/","title":{"rendered":"Enrique Galindo Ceballos lamenta cr\u00edticas mientras la capital enfrenta violencia diaria"},"content":{"rendered":"<h3 data-start=\"1947\" data-end=\"2045\"><\/h3>\n<p data-start=\"2047\" data-end=\"2293\">El alcalde Enrique Galindo Ceballos fue duramente cuestionado luego de asegurar que es v\u00edctima constante de ataques pol\u00edticos y medi\u00e1ticos, situaci\u00f3n que ciudadanos consideran desconectada de los problemas reales que enfrenta la capital potosina.<\/p>\n<p data-start=\"2295\" data-end=\"2453\">Mientras el edil habla de agresiones hacia su imagen, contin\u00faan registr\u00e1ndose hechos de violencia, homicidios y robos que mantienen preocupada a la poblaci\u00f3n.<\/p>\n<p data-start=\"2455\" data-end=\"2661\">Uno de los episodios m\u00e1s recientes ocurri\u00f3 cerca de la Calzada de Guadalupe, donde un ataque armado dej\u00f3 dos personas asesinadas en una zona considerada estrat\u00e9gica por la cercan\u00eda con oficinas municipales.<\/p>\n<p data-start=\"2663\" data-end=\"2862\">Para distintos sectores ciudadanos, resulta contradictorio que Galindo dedique tiempo a quejarse de las cr\u00edticas mientras persisten problemas de seguridad que afectan diariamente a miles de familias.<\/p>\n","protected":false},"excerpt":{"rendered":"<p>El alcalde Enrique Galindo Ceballos fue duramente cuestionado luego de asegurar que es v\u00edctima constante de ataques pol\u00edticos y medi\u00e1ticos, situaci\u00f3n que ciudadanos consideran desconectada de los problemas reales que enfrenta la capital potosina. Mientras el edil habla de agresiones hacia su imagen, contin\u00faan registr\u00e1ndose hechos de violencia, homicidios y robos que mantienen preocupada a [&hellip;]<\/p>\n","protected":false},"author":4,"featured_media":803,"comment_status":"open","ping_status":"open","sticky":false,"template":"","format":"standard","meta":{"footnotes":""},"categories":[13],"tags":[],"class_list":["post-809","post","type-post","status-publish","format-standard","has-post-thumbnail","hentry","category-politica"],"_links":{"self":[{"href":"https:\/\/destacado.com.mx\/index.php\/wp-json\/wp\/v2\/posts\/809","targetHints":{"allow":["GET"]}}],"collection":[{"href":"https:\/\/destacado.com.mx\/index.php\/wp-json\/wp\/v2\/posts"}],"about":[{"href":"https:\/\/destacado.com.mx\/index.php\/wp-json\/wp\/v2\/types\/post"}],"author":[{"embeddable":true,"href":"https:\/\/destacado.com.mx\/index.php\/wp-json\/wp\/v2\/users\/4"}],"replies":[{"embeddable":true,"href":"https:\/\/destacado.com.mx\/index.php\/wp-json\/wp\/v2\/comments?post=809"}],"version-history":[{"count":1,"href":"https:\/\/destacado.com.mx\/index.php\/wp-json\/wp\/v2\/posts\/809\/revisions"}],"predecessor-version":[{"id":810,"href":"https:\/\/destacado.com.mx\/index.php\/wp-json\/wp\/v2\/posts\/809\/revisions\/810"}],"wp:featuredmedia":[{"embeddable":true,"href":"https:\/\/destacado.com.mx\/index.php\/wp-json\/wp\/v2\/media\/803"}],"wp:attachment":[{"href":"https:\/\/destacado.com.mx\/index.php\/wp-json\/wp\/v2\/media?parent=809"}],"wp:term":[{"taxonomy":"category","embeddable":true,"href":"https:\/\/destacado.com.mx\/index.php\/wp-json\/wp\/v2\/categories?post=809"},{"taxonomy":"post_tag","embeddable":true,"href":"https:\/\/destacado.com.mx\/index.php\/wp-json\/wp\/v2\/tags?post=809"}],"curies":[{"name":"wp","href":"https:\/\/api.w.org\/{rel}","templated":true}]}}