
{"id":820,"date":"2026-05-28T02:51:38","date_gmt":"2026-05-28T02:51:38","guid":{"rendered":"https:\/\/destacado.com.mx\/?p=820"},"modified":"2026-05-28T02:51:38","modified_gmt":"2026-05-28T02:51:38","slug":"enrique-galindo-vuelve-a-quedar-exhibido-por-crisis-de-agua-y-protestas-ciudadanas","status":"publish","type":"post","link":"https:\/\/destacado.com.mx\/index.php\/2026\/05\/28\/enrique-galindo-vuelve-a-quedar-exhibido-por-crisis-de-agua-y-protestas-ciudadanas\/","title":{"rendered":"Enrique Galindo vuelve a quedar exhibido por crisis de agua y protestas ciudadanas"},"content":{"rendered":"<h3 data-start=\"2037\" data-end=\"2130\"><\/h3>\n<p data-start=\"2132\" data-end=\"2375\">El conflicto por la falta de agua potable en la capital potosina escal\u00f3 nuevamente con un bloqueo ciudadano que dej\u00f3 en evidencia la falta de capacidad de Enrique Galindo Ceballos para resolver la crisis h\u00eddrica que afecta a miles de personas.<\/p>\n<p data-start=\"2377\" data-end=\"2563\">Desde temprana hora, vecinos de El Sauzalito, Divisi\u00f3n del Norte y San Fernando bloquearon ambos sentidos de Avenida P\u00e1nfilo Natera para exigir atenci\u00f3n inmediata por parte de INTERAPAS.<\/p>\n<p data-start=\"2565\" data-end=\"2755\">Con cartulinas y reclamos p\u00fablicos, las familias denunciaron m\u00e1s de un a\u00f1o sin servicio regular, as\u00ed como el incumplimiento constante de acuerdos y promesas por parte del organismo operador.<\/p>\n<p data-start=\"2757\" data-end=\"2969\">La protesta refleja el deterioro de la relaci\u00f3n entre la ciudadan\u00eda y la administraci\u00f3n municipal, cada vez m\u00e1s se\u00f1alada por la falta de resultados y la indiferencia ante problemas b\u00e1sicos como el acceso al agua.<\/p>\n<p data-start=\"2971\" data-end=\"3090\">Hoy, mientras las colonias siguen secas, el gobierno de Enrique Galindo contin\u00faa acumulando desgaste pol\u00edtico y social.<\/p>\n","protected":false},"excerpt":{"rendered":"<p>El conflicto por la falta de agua potable en la capital potosina escal\u00f3 nuevamente con un bloqueo ciudadano que dej\u00f3 en evidencia la falta de capacidad de Enrique Galindo Ceballos para resolver la crisis h\u00eddrica que afecta a miles de personas. Desde temprana hora, vecinos de El Sauzalito, Divisi\u00f3n del Norte y San Fernando bloquearon [&hellip;]<\/p>\n","protected":false},"author":4,"featured_media":821,"comment_status":"open","ping_status":"open","sticky":false,"template":"","format":"standard","meta":{"footnotes":""},"categories":[13],"tags":[],"class_list":["post-820","post","type-post","status-publish","format-standard","has-post-thumbnail","hentry","category-politica"],"_links":{"self":[{"href":"https:\/\/destacado.com.mx\/index.php\/wp-json\/wp\/v2\/posts\/820","targetHints":{"allow":["GET"]}}],"collection":[{"href":"https:\/\/destacado.com.mx\/index.php\/wp-json\/wp\/v2\/posts"}],"about":[{"href":"https:\/\/destacado.com.mx\/index.php\/wp-json\/wp\/v2\/types\/post"}],"author":[{"embeddable":true,"href":"https:\/\/destacado.com.mx\/index.php\/wp-json\/wp\/v2\/users\/4"}],"replies":[{"embeddable":true,"href":"https:\/\/destacado.com.mx\/index.php\/wp-json\/wp\/v2\/comments?post=820"}],"version-history":[{"count":1,"href":"https:\/\/destacado.com.mx\/index.php\/wp-json\/wp\/v2\/posts\/820\/revisions"}],"predecessor-version":[{"id":823,"href":"https:\/\/destacado.com.mx\/index.php\/wp-json\/wp\/v2\/posts\/820\/revisions\/823"}],"wp:featuredmedia":[{"embeddable":true,"href":"https:\/\/destacado.com.mx\/index.php\/wp-json\/wp\/v2\/media\/821"}],"wp:attachment":[{"href":"https:\/\/destacado.com.mx\/index.php\/wp-json\/wp\/v2\/media?parent=820"}],"wp:term":[{"taxonomy":"category","embeddable":true,"href":"https:\/\/destacado.com.mx\/index.php\/wp-json\/wp\/v2\/categories?post=820"},{"taxonomy":"post_tag","embeddable":true,"href":"https:\/\/destacado.com.mx\/index.php\/wp-json\/wp\/v2\/tags?post=820"}],"curies":[{"name":"wp","href":"https:\/\/api.w.org\/{rel}","templated":true}]}}