
{"id":891,"date":"2026-06-04T22:37:56","date_gmt":"2026-06-04T22:37:56","guid":{"rendered":"https:\/\/destacado.com.mx\/?p=891"},"modified":"2026-06-04T22:38:47","modified_gmt":"2026-06-04T22:38:47","slug":"ricardo-gallardo-supervisa-los-preparativos-de-una-fenapo-que-promete-romper-todos-los-records","status":"publish","type":"post","link":"https:\/\/destacado.com.mx\/index.php\/2026\/06\/04\/ricardo-gallardo-supervisa-los-preparativos-de-una-fenapo-que-promete-romper-todos-los-records\/","title":{"rendered":"Ricardo Gallardo supervisa los preparativos de una Fenapo que promete romper todos los r\u00e9cords"},"content":{"rendered":"<h3 data-start=\"2122\" data-end=\"2227\"><\/h3>\n<p data-start=\"2229\" data-end=\"2490\">El gobernador Ricardo Gallardo Cardona encabez\u00f3 una jornada de supervisi\u00f3n en las instalaciones de la Feria Nacional Potosina, donde constat\u00f3 los avances de los trabajos para recibir a miles de visitantes en una edici\u00f3n que busca superar todas las expectativas.<\/p>\n<p data-start=\"2492\" data-end=\"2729\">Desde el Palenque hasta la zona ganadera, el mandatario revis\u00f3 personalmente los espacios que formar\u00e1n parte de una cartelera de espect\u00e1culos, exposiciones y actividades dise\u00f1ada para fortalecer la proyecci\u00f3n nacional de San Luis Potos\u00ed.<\/p>\n<p data-start=\"2731\" data-end=\"2976\">Ricardo Gallardo destac\u00f3 que la Fenapo representa uno de los eventos m\u00e1s importantes para la econom\u00eda, el turismo y la convivencia familiar, por lo que su gobierno mantiene un esfuerzo permanente para ofrecer instalaciones modernas y atractivas.<\/p>\n<p data-start=\"2978\" data-end=\"3135\">El entusiasmo mostrado por las personas que ya comenzaron a adquirir sus boletos refleja el \u00e9xito y la confianza que la feria ha generado entre la poblaci\u00f3n.<\/p>\n","protected":false},"excerpt":{"rendered":"<p>El gobernador Ricardo Gallardo Cardona encabez\u00f3 una jornada de supervisi\u00f3n en las instalaciones de la Feria Nacional Potosina, donde constat\u00f3 los avances de los trabajos para recibir a miles de visitantes en una edici\u00f3n que busca superar todas las expectativas. Desde el Palenque hasta la zona ganadera, el mandatario revis\u00f3 personalmente los espacios que formar\u00e1n [&hellip;]<\/p>\n","protected":false},"author":4,"featured_media":892,"comment_status":"open","ping_status":"open","sticky":false,"template":"","format":"standard","meta":{"footnotes":""},"categories":[13],"tags":[],"class_list":["post-891","post","type-post","status-publish","format-standard","has-post-thumbnail","hentry","category-politica"],"_links":{"self":[{"href":"https:\/\/destacado.com.mx\/index.php\/wp-json\/wp\/v2\/posts\/891","targetHints":{"allow":["GET"]}}],"collection":[{"href":"https:\/\/destacado.com.mx\/index.php\/wp-json\/wp\/v2\/posts"}],"about":[{"href":"https:\/\/destacado.com.mx\/index.php\/wp-json\/wp\/v2\/types\/post"}],"author":[{"embeddable":true,"href":"https:\/\/destacado.com.mx\/index.php\/wp-json\/wp\/v2\/users\/4"}],"replies":[{"embeddable":true,"href":"https:\/\/destacado.com.mx\/index.php\/wp-json\/wp\/v2\/comments?post=891"}],"version-history":[{"count":1,"href":"https:\/\/destacado.com.mx\/index.php\/wp-json\/wp\/v2\/posts\/891\/revisions"}],"predecessor-version":[{"id":895,"href":"https:\/\/destacado.com.mx\/index.php\/wp-json\/wp\/v2\/posts\/891\/revisions\/895"}],"wp:featuredmedia":[{"embeddable":true,"href":"https:\/\/destacado.com.mx\/index.php\/wp-json\/wp\/v2\/media\/892"}],"wp:attachment":[{"href":"https:\/\/destacado.com.mx\/index.php\/wp-json\/wp\/v2\/media?parent=891"}],"wp:term":[{"taxonomy":"category","embeddable":true,"href":"https:\/\/destacado.com.mx\/index.php\/wp-json\/wp\/v2\/categories?post=891"},{"taxonomy":"post_tag","embeddable":true,"href":"https:\/\/destacado.com.mx\/index.php\/wp-json\/wp\/v2\/tags?post=891"}],"curies":[{"name":"wp","href":"https:\/\/api.w.org\/{rel}","templated":true}]}}